{"id":15236,"date":"2025-04-24T21:14:33","date_gmt":"2025-04-24T21:14:33","guid":{"rendered":"https:\/\/ladepeche.mr\/?p=15236"},"modified":"2025-04-24T21:16:47","modified_gmt":"2025-04-24T21:16:47","slug":"mauritanie-allemagne-entretien-entre-le-mef-et-la-ministre-allemande-de-la-cooperation-economique-et-du-developpement","status":"publish","type":"post","link":"https:\/\/ladepeche.mr\/?p=15236","title":{"rendered":"Mauritanie-Allemagne: Entretien entre le MEF et la ministre allemande de la Coop\u00e9ration \u00e9conomique et du D\u00e9veloppement"},"content":{"rendered":"<p>Dans le cadre du renforcement des relations bilat\u00e9rales entre notre pays et la R\u00e9publique F\u00e9d\u00e9rale d&#8217;Allemagne, Son Excellence le ministre de l&#8217;Economie et des Finances,  Sid&#8217;Ahmed Ould Bouh, a tenu  jeudi une rencontre avec la ministre allemande de la Coop\u00e9ration \u00e9conomique et du D\u00e9veloppement, Mme Svenja Schulze, en marge des r\u00e9unions de printemps du Groupe de la Banque mondiale et du Fonds mon\u00e9taire international, tenues \u00e0 Washington du 21 au 26 avril 2025.<\/p>\n<p>La r\u00e9union a permis de discuter des moyens de renforcer la coop\u00e9ration entre les deux pays dans les domaines du d\u00e9veloppement \u00e9conomique, \u00e0 travers l&#8217;appui aux projets de d\u00e9veloppement en Mauritanie, l&#8217;am\u00e9lioration du climat d&#8217;investissement et le renforcement des partenariats.<br \/>\nLes perspectives de coop\u00e9ration dans divers domaines ont \u00e9t\u00e9 \u00e9galement abord\u00e9s, afin de promouvoir le d\u00e9veloppement durable et les r\u00e9formes \u00e9conomiques entreprises par notre pays.<br \/>\nLes deux parties ont \u00e9galement discut\u00e9 de l&#8217;initiative de l&#8217;Alliance pour le Sahel, qui vise \u00e0 promouvoir le d\u00e9veloppement et la stabilit\u00e9 dans la r\u00e9gion du Sahel, et des moyens de soutenir cette initiative \u00e0 la lumi\u00e8re des d\u00e9fis en mati\u00e8re de d\u00e9veloppement et de s\u00e9curit\u00e9 auxquels sont confront\u00e9s les pays de la r\u00e9gion. <\/p>\n<p>Ils ont en outre \u00e9chang\u00e9 autour des moyens de renforcer le partenariat strat\u00e9gique existant entre les deux pays et d&#8217;\u0153uvrer \u00e0 son d\u00e9veloppement au service des int\u00e9r\u00eats des deux pays amis. <\/p>\n<p>La rencontre s&#8217;inscrit dans le cadre des efforts conjoints visant \u00e0 renforcer les relations \u00e9conomiques et de d\u00e9veloppement entre notre pays et l&#8217;Allemagne, contribuant ainsi \u00e0 la r\u00e9alisation des objectifs de d\u00e9veloppement durable et au renforcement de la stabilit\u00e9 \u00e9conomique dans la r\u00e9gion.<br \/>\nSource MEF<\/p>\n","protected":false},"excerpt":{"rendered":"<p>Dans le cadre du renforcement des relations bilat\u00e9rales entre notre pays et la R\u00e9publique F\u00e9d\u00e9rale d&#8217;Allemagne, Son Excellence le ministre de l&#8217;Economie et des Finances, Sid&#8217;Ahmed Ould Bouh, a tenu jeudi une rencontre avec la ministre allemande de la Coop\u00e9ration \u00e9conomique et du D\u00e9veloppement, Mme Svenja Schulze, en marge des r\u00e9unions de printemps du Groupe &hellip;<\/p>\n","protected":false},"author":2,"featured_media":15218,"comment_status":"open","ping_status":"open","sticky":false,"template":"","format":"standard","meta":{"footnotes":""},"categories":[18,2],"tags":[],"class_list":["post-15236","post","type-post","status-publish","format-standard","has-post-thumbnail","hentry","category-actualites","category-economie"],"_links":{"self":[{"href":"https:\/\/ladepeche.mr\/index.php?rest_route=\/wp\/v2\/posts\/15236","targetHints":{"allow":["GET"]}}],"collection":[{"href":"https:\/\/ladepeche.mr\/index.php?rest_route=\/wp\/v2\/posts"}],"about":[{"href":"https:\/\/ladepeche.mr\/index.php?rest_route=\/wp\/v2\/types\/post"}],"author":[{"embeddable":true,"href":"https:\/\/ladepeche.mr\/index.php?rest_route=\/wp\/v2\/users\/2"}],"replies":[{"embeddable":true,"href":"https:\/\/ladepeche.mr\/index.php?rest_route=%2Fwp%2Fv2%2Fcomments&post=15236"}],"version-history":[{"count":1,"href":"https:\/\/ladepeche.mr\/index.php?rest_route=\/wp\/v2\/posts\/15236\/revisions"}],"predecessor-version":[{"id":15237,"href":"https:\/\/ladepeche.mr\/index.php?rest_route=\/wp\/v2\/posts\/15236\/revisions\/15237"}],"wp:featuredmedia":[{"embeddable":true,"href":"https:\/\/ladepeche.mr\/index.php?rest_route=\/wp\/v2\/media\/15218"}],"wp:attachment":[{"href":"https:\/\/ladepeche.mr\/index.php?rest_route=%2Fwp%2Fv2%2Fmedia&parent=15236"}],"wp:term":[{"taxonomy":"category","embeddable":true,"href":"https:\/\/ladepeche.mr\/index.php?rest_route=%2Fwp%2Fv2%2Fcategories&post=15236"},{"taxonomy":"post_tag","embeddable":true,"href":"https:\/\/ladepeche.mr\/index.php?rest_route=%2Fwp%2Fv2%2Ftags&post=15236"}],"curies":[{"name":"wp","href":"https:\/\/api.w.org\/{rel}","templated":true}]}}