{"id":1524,"date":"2022-08-22T12:43:57","date_gmt":"2022-08-22T12:43:57","guid":{"rendered":"https:\/\/ladepeche.mr\/?p=1524"},"modified":"2022-08-22T12:43:57","modified_gmt":"2022-08-22T12:43:57","slug":"mali-transition-le-colonel-abdoulaye-maiga-designe-premier-ministre-par-interim","status":"publish","type":"post","link":"https:\/\/ladepeche.mr\/?p=1524","title":{"rendered":"Mali -Transition : Le Colonel Abdoulaye Maiga d\u00e9sign\u00e9 Premier ministre par int\u00e9rim"},"content":{"rendered":"<h6><strong>A travers un d\u00e9cret lu \u00e0 la t\u00e9l\u00e9vision nationale hier dimanche, le colonel Assimi Go\u00efta, a d\u00e9sign\u00e9 Abdoulaye Ma\u00efga, premier ministre par int\u00e9rim en remplacement de Choguel Ma\u00efga, hospitalis\u00e9 il y a quelques jours.<\/strong><\/h6>\n<p>Encore inconnu avant le coup d\u2019Etat, il a \u00e9t\u00e9 nomm\u00e9 ministre de l\u2019Administration territoriale dans le gouvernement de Moctar Ouane, portefeuille qu\u2019il occupe encore.<\/p>\n<p>R\u00e9put\u00e9 proche du pr\u00e9sident de la transition, ce dernier l\u2019avait d\u00e9sign\u00e9 porte-parole du gouvernement, pour certains observateurs reprendre \u00ab\u00a0la communication du gouvernement\u00a0\u00bb \u00e0 un moment o\u00f9 le Premier ministre Choguel Maiga qui faisait toutes les d\u00e9clarations.<\/p>\n<p>Depuis, il a r\u00e9guli\u00e8rement fait \u00e0 la t\u00e9l\u00e9vision nationale, au cours des derniers mois et rev\u00eatu de son treillis certaines des annonces les plus marquantes du gouvernement et des d\u00e9clarations visant la France.<\/p>\n<p>L\u2019hexagone, o\u00f9 il a fait une partie de ses \u00e9tudes notamment un doctorat en s\u00e9curit\u00e9 internationale et d\u00e9fense en 2011 \u00e0 l\u2019Universit\u00e9 Jean Moulin de Lyon. En 2016, Il a \u00e9t\u00e9 nomm\u00e9 officier charg\u00e9 de programme et analyste en charge du terrorisme, de l\u2019extr\u00e9misme violent et de la s\u00e9curit\u00e9 maritime de la CEDEAO.<\/p>\n<p>Avant cela, il a \u00e9t\u00e9 de 2014 \u00e0 2016, analyste alerte et pr\u00e9vention au centre d\u2019africain d\u2019\u00e9tudes et recherche sur le terrorisme au sein de l\u2019Union africaine.<\/p>\n<p><strong>Source : APA<\/strong><\/p>\n<div id=\"shr_canvas4\" class=\"shareaholic-canvas shareaholic-resolved-canvas shareaholic-ui\" data-app=\"recommendations\" data-title=\"Mali -Transition : Le Colonel Abdoulaye Maiga d\u00e9sign\u00e9 Premier ministre par int\u00e9rim\" data-link=\"https:\/\/maliactu.net\/mali-transition-le-colonel-abdoulaye-maiga-designe-premier-ministre-par-interim\/\" data-app-id-name=\"post_below_content\">\n<div class=\"shareaholic-recommendations-container shareaholic-ui shareaholic-contains-8 shareaholic-divisible-2 shareaholic-divisible-4 shareaholic-facebook shareaholic-large shareholic-recommendations-appear\"><\/div>\n<\/div>\n","protected":false},"excerpt":{"rendered":"<p>A travers un d\u00e9cret lu \u00e0 la t\u00e9l\u00e9vision nationale hier dimanche, le colonel Assimi Go\u00efta, a d\u00e9sign\u00e9 Abdoulaye Ma\u00efga, premier ministre par int\u00e9rim en remplacement de Choguel Ma\u00efga, hospitalis\u00e9 il y a quelques jours. Encore inconnu avant le coup d\u2019Etat, il a \u00e9t\u00e9 nomm\u00e9 ministre de l\u2019Administration territoriale dans le gouvernement de Moctar Ouane, portefeuille &hellip;<\/p>\n","protected":false},"author":2,"featured_media":1525,"comment_status":"open","ping_status":"open","sticky":false,"template":"","format":"standard","meta":{"footnotes":""},"categories":[18,29,28],"tags":[],"class_list":["post-1524","post","type-post","status-publish","format-standard","has-post-thumbnail","hentry","category-actualites","category-monde","category-sahel"],"_links":{"self":[{"href":"https:\/\/ladepeche.mr\/index.php?rest_route=\/wp\/v2\/posts\/1524","targetHints":{"allow":["GET"]}}],"collection":[{"href":"https:\/\/ladepeche.mr\/index.php?rest_route=\/wp\/v2\/posts"}],"about":[{"href":"https:\/\/ladepeche.mr\/index.php?rest_route=\/wp\/v2\/types\/post"}],"author":[{"embeddable":true,"href":"https:\/\/ladepeche.mr\/index.php?rest_route=\/wp\/v2\/users\/2"}],"replies":[{"embeddable":true,"href":"https:\/\/ladepeche.mr\/index.php?rest_route=%2Fwp%2Fv2%2Fcomments&post=1524"}],"version-history":[{"count":1,"href":"https:\/\/ladepeche.mr\/index.php?rest_route=\/wp\/v2\/posts\/1524\/revisions"}],"predecessor-version":[{"id":1526,"href":"https:\/\/ladepeche.mr\/index.php?rest_route=\/wp\/v2\/posts\/1524\/revisions\/1526"}],"wp:featuredmedia":[{"embeddable":true,"href":"https:\/\/ladepeche.mr\/index.php?rest_route=\/wp\/v2\/media\/1525"}],"wp:attachment":[{"href":"https:\/\/ladepeche.mr\/index.php?rest_route=%2Fwp%2Fv2%2Fmedia&parent=1524"}],"wp:term":[{"taxonomy":"category","embeddable":true,"href":"https:\/\/ladepeche.mr\/index.php?rest_route=%2Fwp%2Fv2%2Fcategories&post=1524"},{"taxonomy":"post_tag","embeddable":true,"href":"https:\/\/ladepeche.mr\/index.php?rest_route=%2Fwp%2Fv2%2Ftags&post=1524"}],"curies":[{"name":"wp","href":"https:\/\/api.w.org\/{rel}","templated":true}]}}