{"id":15242,"date":"2025-04-25T17:13:53","date_gmt":"2025-04-25T17:13:53","guid":{"rendered":"https:\/\/ladepeche.mr\/?p=15242"},"modified":"2025-04-25T17:21:07","modified_gmt":"2025-04-25T17:21:07","slug":"intoxications-alimentaires-a-benghirbane-trarza-80-personnes-concernees","status":"publish","type":"post","link":"https:\/\/ladepeche.mr\/?p=15242","title":{"rendered":"Intoxications alimentaires \u00e0 Benghirbane (Trarza): 80 personnes concern\u00e9es"},"content":{"rendered":"<p>Pr\u00e8s de 80 personnes ont \u00e9t\u00e9 auscult\u00e9es au centre de sant\u00e9 de Benghirbane, dans la moughataa de Rkiz, dans le Trarza suite \u00e0 une infection massive de citoyens annonce vendredi le minist\u00e8re de la sant\u00e9 dans un communiqu\u00e9 dont copie a \u00e9t\u00e9 transmise \u00e0 \u00ab\u00a0La D\u00e9p\u00eache de Mauritanie\u00a0\u00bb.<br \/>\nSelon la m\u00eame source, l\u2019intoxication trouverait son origine dans un lait frelat\u00e9 vendu sur place.<br \/>\nEn raison du surnombre des personnes touch\u00e9es les cas les plus s\u00e9rieux auraient \u00e9t\u00e9 d\u00e9p\u00each\u00e9s \u00e0 Rkiz pour soins intensifs.<br \/>\nLe minist\u00e8re affirme, par ailleurs, que la situation est sous contr\u00f4le et que des \u00e9quipes m\u00e9dicales ont \u00e9t\u00e9 d\u00e9p\u00each\u00e9es sur les lieux.<\/p>\n","protected":false},"excerpt":{"rendered":"<p>Pr\u00e8s de 80 personnes ont \u00e9t\u00e9 auscult\u00e9es au centre de sant\u00e9 de Benghirbane, dans la moughataa de Rkiz, dans le Trarza suite \u00e0 une infection massive de citoyens annonce vendredi le minist\u00e8re de la sant\u00e9 dans un communiqu\u00e9 dont copie a \u00e9t\u00e9 transmise \u00e0 \u00ab\u00a0La D\u00e9p\u00eache de Mauritanie\u00a0\u00bb. Selon la m\u00eame source, l\u2019intoxication trouverait son &hellip;<\/p>\n","protected":false},"author":2,"featured_media":6559,"comment_status":"open","ping_status":"open","sticky":false,"template":"","format":"standard","meta":{"footnotes":""},"categories":[18,27],"tags":[],"class_list":["post-15242","post","type-post","status-publish","format-standard","has-post-thumbnail","hentry","category-actualites","category-sante"],"_links":{"self":[{"href":"https:\/\/ladepeche.mr\/index.php?rest_route=\/wp\/v2\/posts\/15242","targetHints":{"allow":["GET"]}}],"collection":[{"href":"https:\/\/ladepeche.mr\/index.php?rest_route=\/wp\/v2\/posts"}],"about":[{"href":"https:\/\/ladepeche.mr\/index.php?rest_route=\/wp\/v2\/types\/post"}],"author":[{"embeddable":true,"href":"https:\/\/ladepeche.mr\/index.php?rest_route=\/wp\/v2\/users\/2"}],"replies":[{"embeddable":true,"href":"https:\/\/ladepeche.mr\/index.php?rest_route=%2Fwp%2Fv2%2Fcomments&post=15242"}],"version-history":[{"count":2,"href":"https:\/\/ladepeche.mr\/index.php?rest_route=\/wp\/v2\/posts\/15242\/revisions"}],"predecessor-version":[{"id":15245,"href":"https:\/\/ladepeche.mr\/index.php?rest_route=\/wp\/v2\/posts\/15242\/revisions\/15245"}],"wp:featuredmedia":[{"embeddable":true,"href":"https:\/\/ladepeche.mr\/index.php?rest_route=\/wp\/v2\/media\/6559"}],"wp:attachment":[{"href":"https:\/\/ladepeche.mr\/index.php?rest_route=%2Fwp%2Fv2%2Fmedia&parent=15242"}],"wp:term":[{"taxonomy":"category","embeddable":true,"href":"https:\/\/ladepeche.mr\/index.php?rest_route=%2Fwp%2Fv2%2Fcategories&post=15242"},{"taxonomy":"post_tag","embeddable":true,"href":"https:\/\/ladepeche.mr\/index.php?rest_route=%2Fwp%2Fv2%2Ftags&post=15242"}],"curies":[{"name":"wp","href":"https:\/\/api.w.org\/{rel}","templated":true}]}}