{"id":15248,"date":"2025-04-28T14:00:15","date_gmt":"2025-04-28T14:00:15","guid":{"rendered":"https:\/\/ladepeche.mr\/?p=15248"},"modified":"2025-04-28T13:32:18","modified_gmt":"2025-04-28T13:32:18","slug":"lassurance-agricole-pour-ameliorer-la-vie-de-47-500-menages-vulnerables-en-mauritanie","status":"publish","type":"post","link":"https:\/\/ladepeche.mr\/?p=15248","title":{"rendered":"L\u2019assurance agricole pour am\u00e9liorer la vie de 47 500 m\u00e9nages vuln\u00e9rables en Mauritanie"},"content":{"rendered":"<p>Pour renforcer la capacit\u00e9 des petits producteurs agricoles mauritaniens \u00e0 faire face aux effets de plus en plus marqu\u00e9s des \u00e9v\u00e9nements extr\u00eames, tels que s\u00e9cheresses et inondations impr\u00e9visibles, le Gouvernement de la R\u00e9publique Islamique de Mauritanie et le Fonds International de D\u00e9veloppement Agricole (FIDA) viennent de lancer un nouveau projet visant \u00e0 r\u00e9duire la vuln\u00e9rabilit\u00e9 de 47 500 m\u00e9nages dans cinq wilayas du sud et de l\u2019est de la Mauritanie: Brakna, Gorgol, Assaba, Hodh El Gharbi et Hodh Ech Chargui. <\/p>\n<p>Ce Projet de gestion int\u00e9gr\u00e9e des risques climatiques en Afrique (ou AICRM, pour African Climate Integrated Risk Management) s\u2019inscrit dans le cadre de l\u2019Initiative de la Grande Muraille verte et couvre sept pays du Sahel (Burkina Faso, Gambie, Mali, Mauritanie, Niger, S\u00e9n\u00e9gal et Tchad) sur une p\u00e9riode de six ans (2023\u20132029).<\/p>\n<p>Avec pr\u00e8s de 75% de son territoire affect\u00e9 par la d\u00e9sertification, la Mauritanie est l\u2019un des pays sah\u00e9liens les plus vuln\u00e9rables aux d\u00e9r\u00e8glements climatiques. S\u00e9cheresses r\u00e9currentes, inondations impr\u00e9visibles, d\u00e9gradation des terres et exode rural massif sont autant de cons\u00e9quences qui affectent directement la s\u00e9curit\u00e9 alimentaire, les moyens d\u2019existence et les \u00e9cosyst\u00e8mes du pays.<\/p>\n<p>\u00ab En plus de l\u2019introduction de nouvelles technologies, des formations et des intrants adapt\u00e9s afin d&#8217;accro\u00eetre la productivit\u00e9 et la production en milieu rural, ce projet va \u00e9galement introduire un outil innovant qui a toujours fait d\u00e9faut et dont le besoin se fait sentir, \u00e0 savoir l&#8217;assurance agricole \u00bb, explique Marcelin Norvilus, Directeur pays du FIDA pour la Mauritanie.<\/p>\n<p>Financ\u00e9 en partie par le Fonds vert pour le climat (FVC), le projet s\u2019articule autour de trois volets compl\u00e9mentaires. Il pr\u00e9voit d\u2019abord le renforcement des syst\u00e8mes d\u2019alerte pr\u00e9coce et de gestion des donn\u00e9es climatiques pour mieux anticiper les \u00e9v\u00e9nements extr\u00eames. Ensuite, il mise sur la promotion de pratiques agricoles durables et d\u2019\u00e9nergies renouvelables pour r\u00e9duire les risques \u00e0 long terme. Enfin, il introduit des m\u00e9canismes d\u2019assurance climatique, une premi\u00e8re dans le pays, tant au niveau des exploitations qu\u2019\u00e0 l\u2019\u00e9chelle nationale, afin de prot\u00e9ger les petits producteurs contre les pertes li\u00e9es aux al\u00e9as climatiques. Ces mesures visent \u00e0 s\u00e9curiser les moyens d\u2019existence et \u00e0 renforcer la s\u00e9curit\u00e9 alimentaire des communaut\u00e9s rurales.<\/p>\n<p>La mise en \u0153uvre du projet sera assur\u00e9e par l\u2019\u00e9quipe du programme de coop\u00e9ration Mauritanie\u2013FIDA, en partenariat avec la Banque africaine de d\u00e9veloppement (BAD), le Programme alimentaire mondial (PAM) et le groupe African Risk Capacity (ARC) et les institutions nationales. Le Projet de gestion durable des ressources naturelles, d\u2019\u00e9quipement communal et de structuration des producteurs ruraux (PROGRES), d\u00e9sormais \u00e9rig\u00e9 en programme-pays, permettra d\u2019assurer la coh\u00e9rence et la durabilit\u00e9 de l\u2019ensemble des interventions climatiques du FIDA en Mauritanie.<br \/>\nDepuis 1980, le FIDA a investi plus de 414 millions d\u2019USD dans 16 projets en Mauritanie, ayant touch\u00e9 pr\u00e8s de deux millions de b\u00e9n\u00e9ficiaires.<br \/>\nhttps:\/\/www.ifad.org\/en\/w\/actualites\/l-assurance-agricole-pour-ameliorer-la-vie-de-47-500-menages-vulnerables-en-mauritanie<br \/>\nPhoto Progres<\/p>\n","protected":false},"excerpt":{"rendered":"<p>Pour renforcer la capacit\u00e9 des petits producteurs agricoles mauritaniens \u00e0 faire face aux effets de plus en plus marqu\u00e9s des \u00e9v\u00e9nements extr\u00eames, tels que s\u00e9cheresses et inondations impr\u00e9visibles, le Gouvernement de la R\u00e9publique Islamique de Mauritanie et le Fonds International de D\u00e9veloppement Agricole (FIDA) viennent de lancer un nouveau projet visant \u00e0 r\u00e9duire la vuln\u00e9rabilit\u00e9 &hellip;<\/p>\n","protected":false},"author":2,"featured_media":15293,"comment_status":"open","ping_status":"open","sticky":false,"template":"","format":"standard","meta":{"footnotes":""},"categories":[18,2],"tags":[],"class_list":["post-15248","post","type-post","status-publish","format-standard","has-post-thumbnail","hentry","category-actualites","category-economie"],"_links":{"self":[{"href":"https:\/\/ladepeche.mr\/index.php?rest_route=\/wp\/v2\/posts\/15248","targetHints":{"allow":["GET"]}}],"collection":[{"href":"https:\/\/ladepeche.mr\/index.php?rest_route=\/wp\/v2\/posts"}],"about":[{"href":"https:\/\/ladepeche.mr\/index.php?rest_route=\/wp\/v2\/types\/post"}],"author":[{"embeddable":true,"href":"https:\/\/ladepeche.mr\/index.php?rest_route=\/wp\/v2\/users\/2"}],"replies":[{"embeddable":true,"href":"https:\/\/ladepeche.mr\/index.php?rest_route=%2Fwp%2Fv2%2Fcomments&post=15248"}],"version-history":[{"count":2,"href":"https:\/\/ladepeche.mr\/index.php?rest_route=\/wp\/v2\/posts\/15248\/revisions"}],"predecessor-version":[{"id":15294,"href":"https:\/\/ladepeche.mr\/index.php?rest_route=\/wp\/v2\/posts\/15248\/revisions\/15294"}],"wp:featuredmedia":[{"embeddable":true,"href":"https:\/\/ladepeche.mr\/index.php?rest_route=\/wp\/v2\/media\/15293"}],"wp:attachment":[{"href":"https:\/\/ladepeche.mr\/index.php?rest_route=%2Fwp%2Fv2%2Fmedia&parent=15248"}],"wp:term":[{"taxonomy":"category","embeddable":true,"href":"https:\/\/ladepeche.mr\/index.php?rest_route=%2Fwp%2Fv2%2Fcategories&post=15248"},{"taxonomy":"post_tag","embeddable":true,"href":"https:\/\/ladepeche.mr\/index.php?rest_route=%2Fwp%2Fv2%2Ftags&post=15248"}],"curies":[{"name":"wp","href":"https:\/\/api.w.org\/{rel}","templated":true}]}}