{"id":15254,"date":"2025-04-27T22:57:16","date_gmt":"2025-04-27T22:57:16","guid":{"rendered":"https:\/\/ladepeche.mr\/?p=15254"},"modified":"2025-04-27T22:57:16","modified_gmt":"2025-04-27T22:57:16","slug":"senegal-deux-ex-ministres-dans-le-viseur-de-la-haute-cour-de-justice","status":"publish","type":"post","link":"https:\/\/ladepeche.mr\/?p=15254","title":{"rendered":"S\u00e9n\u00e9gal : deux ex-ministres dans le viseur de la Haute cour de justice"},"content":{"rendered":"<p>Au S\u00e9n\u00e9gal, l&#8217;ombre de la justice plane sur d&#8217;anciens membres du gouvernement de Macky Sall, alors que la Haute Cour de justice pourrait les poursuivre pour d\u00e9tournement de fonds publics.<\/p>\n<p>Au S\u00e9n\u00e9gal, l&#8217;ombre de la justice plane sur d&#8217;anciens membres du gouvernement de Macky Sall, alors que la Haute Cour de justice pourrait les poursuivre pour d\u00e9tournement de fonds publics, sp\u00e9cifiquement concernant la gestion des ressources li\u00e9es \u00e0 la pand\u00e9mie de COVID-19.<\/p>\n<p>Lors d&#8217;une conf\u00e9rence de presse tenue la semaine derni\u00e8re, le procureur g\u00e9n\u00e9ral pr\u00e8s la Cour d&#8217;appel de Dakar a annonc\u00e9 avoir transmis les dossiers de cinq anciens ministres \u00e0 l&#8217;Assembl\u00e9e nationale, sans toutefois divulguer leur identit\u00e9. La premi\u00e8re proc\u00e9dure d&#8217;accusation devrait concerner deux d&#8217;entre eux.<br \/>\nMoustapha Diop, ancien ministre du D\u00e9veloppement industriel, et Mansour Faye, ancien ministre du D\u00e9veloppement communautaire, sont les noms qui \u00e9mergent dans cette affaire, selon des informations relay\u00e9es par le quotidien l&#8217;Observateur.<\/p>\n<p>Bien que les d\u00e9tails concernant le calendrier de ces actions judiciaires restent flous, les \u00e9tapes menant \u00e0 une \u00e9ventuelle mise en accusation pourraient se succ\u00e9der rapidement.<\/p>\n<p>Cela n\u00e9cessitera la convocation de plusieurs instances de l&#8217;Assembl\u00e9e nationale, incluant le bureau de l\u2019Assembl\u00e9e, la conf\u00e9rence des pr\u00e9sidents et la commission des lois, avant qu&#8217;une s\u00e9ance pl\u00e9ni\u00e8re n&#8217;ait lieu pour permettre aux d\u00e9put\u00e9s de se prononcer sur une r\u00e9solution visant \u00e0 ouvrir officiellement une instruction devant la Haute Cour.<\/p>\n<p>D&#8217;ores et d\u00e9j\u00e0, Mansour Faye a fermement ni\u00e9 toute implication dans des actes frauduleux lors de la gestion des fonds destin\u00e9s \u00e0 la lutte contre le COVID-19, qualifiant ces accusations de \u00ab d\u00e9marche politique \u00bb. Les enqu\u00eates, selon l\u2019Observateur, porteront sur des irr\u00e9gularit\u00e9s dans les d\u00e9caissements, des march\u00e9s fictifs, ainsi que le paiement de services qui n\u2019ont jamais \u00e9t\u00e9 fournis.<\/p>\n<p>Cette situation pourrait marquer un tournant significatif dans la gestion des affaires politiques et financi\u00e8res au S\u00e9n\u00e9gal, alors que la justice cherche \u00e0 r\u00e9tablir la confiance du public envers les institutions.<br \/>\nhttps:\/\/www.msn.com\/fr-xl\/actualite\/other\/s%C3%A9n%C3%A9gal-deux-ex-ministres-dans-le-viseur-de-la-haute-cour-de-justice\/ar-AA1Dsqo8?ocid=msedgdhp&#038;pc=U531&#038;cvid=fecca0e637a040928e35eed16effbcbd&#038;ei=54<\/p>\n","protected":false},"excerpt":{"rendered":"<p>Au S\u00e9n\u00e9gal, l&#8217;ombre de la justice plane sur d&#8217;anciens membres du gouvernement de Macky Sall, alors que la Haute Cour de justice pourrait les poursuivre pour d\u00e9tournement de fonds publics. Au S\u00e9n\u00e9gal, l&#8217;ombre de la justice plane sur d&#8217;anciens membres du gouvernement de Macky Sall, alors que la Haute Cour de justice pourrait les poursuivre &hellip;<\/p>\n","protected":false},"author":2,"featured_media":15255,"comment_status":"open","ping_status":"open","sticky":false,"template":"","format":"standard","meta":{"footnotes":""},"categories":[18,29],"tags":[],"class_list":["post-15254","post","type-post","status-publish","format-standard","has-post-thumbnail","hentry","category-actualites","category-monde"],"_links":{"self":[{"href":"https:\/\/ladepeche.mr\/index.php?rest_route=\/wp\/v2\/posts\/15254","targetHints":{"allow":["GET"]}}],"collection":[{"href":"https:\/\/ladepeche.mr\/index.php?rest_route=\/wp\/v2\/posts"}],"about":[{"href":"https:\/\/ladepeche.mr\/index.php?rest_route=\/wp\/v2\/types\/post"}],"author":[{"embeddable":true,"href":"https:\/\/ladepeche.mr\/index.php?rest_route=\/wp\/v2\/users\/2"}],"replies":[{"embeddable":true,"href":"https:\/\/ladepeche.mr\/index.php?rest_route=%2Fwp%2Fv2%2Fcomments&post=15254"}],"version-history":[{"count":1,"href":"https:\/\/ladepeche.mr\/index.php?rest_route=\/wp\/v2\/posts\/15254\/revisions"}],"predecessor-version":[{"id":15256,"href":"https:\/\/ladepeche.mr\/index.php?rest_route=\/wp\/v2\/posts\/15254\/revisions\/15256"}],"wp:featuredmedia":[{"embeddable":true,"href":"https:\/\/ladepeche.mr\/index.php?rest_route=\/wp\/v2\/media\/15255"}],"wp:attachment":[{"href":"https:\/\/ladepeche.mr\/index.php?rest_route=%2Fwp%2Fv2%2Fmedia&parent=15254"}],"wp:term":[{"taxonomy":"category","embeddable":true,"href":"https:\/\/ladepeche.mr\/index.php?rest_route=%2Fwp%2Fv2%2Fcategories&post=15254"},{"taxonomy":"post_tag","embeddable":true,"href":"https:\/\/ladepeche.mr\/index.php?rest_route=%2Fwp%2Fv2%2Ftags&post=15254"}],"curies":[{"name":"wp","href":"https:\/\/api.w.org\/{rel}","templated":true}]}}