{"id":15257,"date":"2025-04-27T23:09:18","date_gmt":"2025-04-27T23:09:18","guid":{"rendered":"https:\/\/ladepeche.mr\/?p=15257"},"modified":"2025-04-27T23:09:18","modified_gmt":"2025-04-27T23:09:18","slug":"iran-le-bilan-de-lexplosion-dans-un-port-monte-a-40-morts","status":"publish","type":"post","link":"https:\/\/ladepeche.mr\/?p=15257","title":{"rendered":"Iran: Le bilan de l\u2019explosion dans un port monte \u00e0 40 morts"},"content":{"rendered":"<p>La d\u00e9flagration, entendue \u00e0 des dizaines de kilom\u00e8tres \u00e0 la ronde, s\u2019est produite samedi vers midi (4 h 30 heure de l\u2019Est) sur un quai du port Shahid Raja\u00ef, o\u00f9 transitent 85 % des marchandises en Iran.  <\/p>\n<p>(T\u00e9h\u00e9ran) Le guide supr\u00eame iranien, l\u2019ayatollah Ali Khamenei, a ordonn\u00e9 dimanche une \u00ab enqu\u00eate approfondie \u00bb sur les causes de l\u2019explosion dans le plus grand port d\u2019Iran, qui a fait au moins 40 morts et plus d\u2019un millier de bless\u00e9s.<\/p>\n<p>\u00ab Les responsables de la s\u00e9curit\u00e9 et de la justice sont tenus de mener une enqu\u00eate approfondie, afin de d\u00e9couvrir toute n\u00e9gligence ou intention \u00bb de causer cette explosion, a dit M. Khamenei, dans un communiqu\u00e9.<\/p>\n<p>Le pr\u00e9sident iranien, Massoud Pezeshkian, qui avait ordonn\u00e9 lui aussi l\u2019ouverture d\u2019une enqu\u00eate, s\u2019est rendu dans l\u2019apr\u00e8s-midi au port, toujours en proie au feu, pour exprimer sa \u00ab gratitude \u00bb aux secouristes, selon des images diffus\u00e9es par la t\u00e9l\u00e9vision publique.<\/p>\n<p>La d\u00e9flagration, entendue \u00e0 des dizaines de kilom\u00e8tres \u00e0 la ronde, s\u2019est produite samedi vers midi (4 h 30 heure de l\u2019Est) sur un quai du port Shahid Raja\u00ef, o\u00f9 transitent 85 % des marchandises en Iran.  <\/p>\n<p>Ce port strat\u00e9gique est proche de la grande ville c\u00f4ti\u00e8re de Bandar Abbas (sud), sur le d\u00e9troit d\u2019Ormuz, par o\u00f9 passe un cinqui\u00e8me de la production mondiale de p\u00e9trole, \u00e0 un millier de kilom\u00e8tres au sud de T\u00e9h\u00e9ran.<\/p>\n<p>\u00ab Pour l\u2019heure, 40 personnes ont perdu la vie des suites de blessures caus\u00e9es par l\u2019explosion \u00bb, a indiqu\u00e9 \u00e0 la t\u00e9l\u00e9vision Mohammad Ashouri, le responsable de la province d\u2019Hormozgan (sud), o\u00f9 se trouve le port Shahid Raja\u00ef.<\/p>\n<p>Un pr\u00e9c\u00e9dent bilan du Croissant-Rouge iranien faisait \u00e9tat de 28 morts et plus d\u2019un millier de bless\u00e9s.<\/p>\n<p>Mati\u00e8res chimiques<br \/>\nLe sinistre est probablement d\u00fb \u00e0 un incendie dans une zone de stockage de mati\u00e8res dangereuses et chimiques, selon les Douanes.<br \/>\n\u00ab Seule une zone du port [\u2026] a \u00e9t\u00e9 touch\u00e9e par un incendie, et les op\u00e9rations de chargement et de d\u00e9chargement de marchandises se poursuivent normalement dans plusieurs autres zones \u00bb, a d\u00e9clar\u00e9 la ministre du D\u00e9veloppement urbain, Farzaneh Sadegh, selon des m\u00e9dias officiels.<\/p>\n<p>Les nombreux entrep\u00f4ts du port sont r\u00e9partis sur une superficie de 2400 hectares.  <\/p>\n<p>Le minist\u00e8re de la D\u00e9fense a affirm\u00e9 qu\u2019\u00ab il n\u2019y avait et il n\u2019y a \u00e0 l\u2019heure actuelle aucune cargaison [\u2026] pour le carburant militaire ou pour un usage militaire dans la zone de l\u2019incendie \u00bb.<\/p>\n<p>Le New York Times, citant une source anonyme proche des Gardiens de la R\u00e9volution, l\u2019arm\u00e9e id\u00e9ologique de la R\u00e9publique islamique d\u2019Iran, avait auparavant affirm\u00e9 que l\u2019explosion avait \u00e9t\u00e9 provoqu\u00e9e par du perchlorate de sodium, une substance entrant dans la composition de carburants solides pour missiles.<\/p>\n<p>Dimanche en d\u00e9but de soir\u00e9e, la t\u00e9l\u00e9vision d\u2019\u00c9tat a diffus\u00e9 des images de l\u2019incendie toujours en cours dans le port, o\u00f9 seuls les m\u00e9dias iraniens \u00e9taient autoris\u00e9s \u00e0 prendre des images.<\/p>\n<p>Des avions et des h\u00e9licopt\u00e8res sont mobilis\u00e9s pour lutter contre les flammes, selon des images diffus\u00e9es plus t\u00f4t par la t\u00e9l\u00e9vision.  <\/p>\n<p>La Russie a annonc\u00e9 l\u2019envoi de deux avions pour aider \u00e0 lutter contre le feu, selon le minist\u00e8re russe des Situations d\u2019urgence.<\/p>\n<p>Deuil national<br \/>\nLes autorit\u00e9s ont ordonn\u00e9 la fermeture dimanche, jour ouvr\u00e9 en Iran-des bureaux et \u00e9tablissements scolaires \u00e0 Bandar Abbas, ville d\u2019environ 650 000 habitants, alors que la fum\u00e9e continue \u00e0 se propager dans les environs.  <\/p>\n<p>Le minist\u00e8re de la Sant\u00e9 a appel\u00e9 les habitants \u00e0 rester chez eux \u00ab jusqu\u2019\u00e0 nouvel ordre \u00bb. Un appel aux dons de sang a \u00e9t\u00e9 lanc\u00e9 pour les bless\u00e9s.<\/p>\n<p>Les autorit\u00e9s ont d\u00e9cr\u00e9t\u00e9 un jour de deuil national lundi, et trois jours \u00e0 partir de dimanche dans la province d\u2019Hormozgan, dont Bandar Abbas est le chef-lieu. La ville abrite la principale base de la marine iranienne.  <\/p>\n<p>La d\u00e9flagration a compl\u00e8tement souffl\u00e9 une rang\u00e9e de semi-remorques, selon des images sur les r\u00e9seaux sociaux dont l\u2019AFP n\u2019a pas pu v\u00e9rifier l\u2019authenticit\u00e9. Sur d\u2019autres images prises d\u2019un h\u00e9licopt\u00e8re, une \u00e9paisse fum\u00e9e noire semble indiquer plusieurs d\u00e9parts de feu.<\/p>\n<p>L\u2019ONU et de nombreux pays, dont l\u2019Arabie saoudite, le Pakistan, l\u2019Inde, la Turquie et la Russie, ont pr\u00e9sent\u00e9 leurs condol\u00e9ances \u00e0 l\u2019Iran. Le Hezbollah libanais a exprim\u00e9 sa solidarit\u00e9 pour ce \u00ab tragique accident \u00bb.<\/p>\n<p>Dans la premi\u00e8re r\u00e9action d\u2019un grand pays europ\u00e9en, l\u2019ambassade d\u2019Allemagne \u00e0 T\u00e9h\u00e9ran a publi\u00e9 ce message sur Instagram : \u00ab Bandar Abbas, nous sommes en deuil avec vous \u00bb.<\/p>\n<p>L\u2019explosion a co\u00efncid\u00e9 avec la tenue \u00e0 Oman de pourparlers cruciaux sur le programme nucl\u00e9aire de T\u00e9h\u00e9ran entre l\u2019Iran et les \u00c9tats-Unis, ennemis depuis quatre d\u00e9cennies.<\/p>\n<p>Isra\u00ebl, qui soup\u00e7onne l\u2019Iran de vouloir de doter de l\u2019arme nucl\u00e9aire comme d\u2019autres pays occidentaux, se livre depuis des ann\u00e9es \u00e0 une guerre de l\u2019ombre contre son ennemi jur\u00e9.<\/p>\n<p>Selon le Washington Post, Isra\u00ebl avait lanc\u00e9 en 2020 une cyberattaque contre le port de Shahid Raja\u00ef.  <\/p>\n<p>La th\u00e8se d\u2019un sabotage n\u2019a pour l\u2019heure pas \u00e9t\u00e9 \u00e9voqu\u00e9e par T\u00e9h\u00e9ran pour l\u2019explosion de samedi.<\/p>\n","protected":false},"excerpt":{"rendered":"<p>La d\u00e9flagration, entendue \u00e0 des dizaines de kilom\u00e8tres \u00e0 la ronde, s\u2019est produite samedi vers midi (4 h 30 heure de l\u2019Est) sur un quai du port Shahid Raja\u00ef, o\u00f9 transitent 85 % des marchandises en Iran. (T\u00e9h\u00e9ran) Le guide supr\u00eame iranien, l\u2019ayatollah Ali Khamenei, a ordonn\u00e9 dimanche une \u00ab enqu\u00eate approfondie \u00bb sur les &hellip;<\/p>\n","protected":false},"author":2,"featured_media":15258,"comment_status":"open","ping_status":"open","sticky":false,"template":"","format":"standard","meta":{"footnotes":""},"categories":[18,29],"tags":[],"class_list":["post-15257","post","type-post","status-publish","format-standard","has-post-thumbnail","hentry","category-actualites","category-monde"],"_links":{"self":[{"href":"https:\/\/ladepeche.mr\/index.php?rest_route=\/wp\/v2\/posts\/15257","targetHints":{"allow":["GET"]}}],"collection":[{"href":"https:\/\/ladepeche.mr\/index.php?rest_route=\/wp\/v2\/posts"}],"about":[{"href":"https:\/\/ladepeche.mr\/index.php?rest_route=\/wp\/v2\/types\/post"}],"author":[{"embeddable":true,"href":"https:\/\/ladepeche.mr\/index.php?rest_route=\/wp\/v2\/users\/2"}],"replies":[{"embeddable":true,"href":"https:\/\/ladepeche.mr\/index.php?rest_route=%2Fwp%2Fv2%2Fcomments&post=15257"}],"version-history":[{"count":1,"href":"https:\/\/ladepeche.mr\/index.php?rest_route=\/wp\/v2\/posts\/15257\/revisions"}],"predecessor-version":[{"id":15259,"href":"https:\/\/ladepeche.mr\/index.php?rest_route=\/wp\/v2\/posts\/15257\/revisions\/15259"}],"wp:featuredmedia":[{"embeddable":true,"href":"https:\/\/ladepeche.mr\/index.php?rest_route=\/wp\/v2\/media\/15258"}],"wp:attachment":[{"href":"https:\/\/ladepeche.mr\/index.php?rest_route=%2Fwp%2Fv2%2Fmedia&parent=15257"}],"wp:term":[{"taxonomy":"category","embeddable":true,"href":"https:\/\/ladepeche.mr\/index.php?rest_route=%2Fwp%2Fv2%2Fcategories&post=15257"},{"taxonomy":"post_tag","embeddable":true,"href":"https:\/\/ladepeche.mr\/index.php?rest_route=%2Fwp%2Fv2%2Ftags&post=15257"}],"curies":[{"name":"wp","href":"https:\/\/api.w.org\/{rel}","templated":true}]}}