{"id":15261,"date":"2025-04-28T08:44:36","date_gmt":"2025-04-28T08:44:36","guid":{"rendered":"https:\/\/ladepeche.mr\/?p=15261"},"modified":"2025-04-28T08:44:36","modified_gmt":"2025-04-28T08:44:36","slug":"le-senegal-et-la-mauritanie-saccordent-pour-faciliter-la-residence-des-senegalais","status":"publish","type":"post","link":"https:\/\/ladepeche.mr\/?p=15261","title":{"rendered":"Le S\u00e9n\u00e9gal et la Mauritanie s\u2019accordent pour faciliter la r\u00e9sidence des S\u00e9n\u00e9galais"},"content":{"rendered":"<p>La ministre des Affaires \u00e9trang\u00e8res, Yassine Fall, a annonc\u00e9 qu\u2019un accord a \u00e9t\u00e9 trouv\u00e9 entre le S\u00e9n\u00e9gal et la Mauritanie pour am\u00e9liorer les conditions de s\u00e9jour des ressortissants s\u00e9n\u00e9galais vivant en Mauritanie.<\/p>\n<p>\u00ab Le S\u00e9n\u00e9gal et la Mauritanie ont trouv\u00e9 un accord pour faciliter la r\u00e9sidence des S\u00e9n\u00e9galais vivant en Mauritanie. Un texte est actuellement sur la table du minist\u00e8re, visant \u00e0 garantir des conditions de s\u00e9jour plus sereines pour nos compatriotes \u00bb, a d\u00e9clar\u00e9 la ministre.<br \/>\nCet accord, en cours de finalisation, marque une avanc\u00e9e importante dans la protection des droits des S\u00e9n\u00e9galais \u00e0 l\u2019\u00e9tranger, et t\u00e9moigne d\u2019une coop\u00e9ration renforc\u00e9e entre les deux pays.<br \/>\nhttps:\/\/senbaat.com\/le-senegal-et-la-mauritanie-saccordent-pour-faciliter-la-residence-des-senegalais.html<\/p>\n","protected":false},"excerpt":{"rendered":"<p>La ministre des Affaires \u00e9trang\u00e8res, Yassine Fall, a annonc\u00e9 qu\u2019un accord a \u00e9t\u00e9 trouv\u00e9 entre le S\u00e9n\u00e9gal et la Mauritanie pour am\u00e9liorer les conditions de s\u00e9jour des ressortissants s\u00e9n\u00e9galais vivant en Mauritanie. \u00ab Le S\u00e9n\u00e9gal et la Mauritanie ont trouv\u00e9 un accord pour faciliter la r\u00e9sidence des S\u00e9n\u00e9galais vivant en Mauritanie. Un texte est actuellement &hellip;<\/p>\n","protected":false},"author":2,"featured_media":13391,"comment_status":"open","ping_status":"open","sticky":false,"template":"","format":"standard","meta":{"footnotes":""},"categories":[18,29],"tags":[],"class_list":["post-15261","post","type-post","status-publish","format-standard","has-post-thumbnail","hentry","category-actualites","category-monde"],"_links":{"self":[{"href":"https:\/\/ladepeche.mr\/index.php?rest_route=\/wp\/v2\/posts\/15261","targetHints":{"allow":["GET"]}}],"collection":[{"href":"https:\/\/ladepeche.mr\/index.php?rest_route=\/wp\/v2\/posts"}],"about":[{"href":"https:\/\/ladepeche.mr\/index.php?rest_route=\/wp\/v2\/types\/post"}],"author":[{"embeddable":true,"href":"https:\/\/ladepeche.mr\/index.php?rest_route=\/wp\/v2\/users\/2"}],"replies":[{"embeddable":true,"href":"https:\/\/ladepeche.mr\/index.php?rest_route=%2Fwp%2Fv2%2Fcomments&post=15261"}],"version-history":[{"count":1,"href":"https:\/\/ladepeche.mr\/index.php?rest_route=\/wp\/v2\/posts\/15261\/revisions"}],"predecessor-version":[{"id":15262,"href":"https:\/\/ladepeche.mr\/index.php?rest_route=\/wp\/v2\/posts\/15261\/revisions\/15262"}],"wp:featuredmedia":[{"embeddable":true,"href":"https:\/\/ladepeche.mr\/index.php?rest_route=\/wp\/v2\/media\/13391"}],"wp:attachment":[{"href":"https:\/\/ladepeche.mr\/index.php?rest_route=%2Fwp%2Fv2%2Fmedia&parent=15261"}],"wp:term":[{"taxonomy":"category","embeddable":true,"href":"https:\/\/ladepeche.mr\/index.php?rest_route=%2Fwp%2Fv2%2Fcategories&post=15261"},{"taxonomy":"post_tag","embeddable":true,"href":"https:\/\/ladepeche.mr\/index.php?rest_route=%2Fwp%2Fv2%2Ftags&post=15261"}],"curies":[{"name":"wp","href":"https:\/\/api.w.org\/{rel}","templated":true}]}}