{"id":15263,"date":"2025-04-28T09:30:37","date_gmt":"2025-04-28T09:30:37","guid":{"rendered":"https:\/\/ladepeche.mr\/?p=15263"},"modified":"2025-04-28T10:45:59","modified_gmt":"2025-04-28T10:45:59","slug":"dialogue-politique-les-partis-de-la-majorite-ont-remis-au-coordonnateur-du-dialogue-national-leur-reponse-sur-le-dialogue-politique","status":"publish","type":"post","link":"https:\/\/ladepeche.mr\/?p=15263","title":{"rendered":"Dialogue politique: Les partis de la majorit\u00e9 ont remis au coordonnateur national leur r\u00e9ponse"},"content":{"rendered":"<p>Les partis de la majorit\u00e9 ont remis dimanche soir au coordonnateur du dialogue national, M. Moussa Fall, une p\u00e9tition comprenant leur vision sur les principales questions qui devraient \u00eatre incluses dans le dialogue politique \u00e0 venir.<\/p>\n<p>Le document, remis par le pr\u00e9sident du Parti de l\u2019\u00e9quit\u00e9, M. Sid&#8217;Ahmed Ould Mohamed, en pr\u00e9sence des chefs des partis de la majorit\u00e9, comprend des r\u00e9ponses aux questions adress\u00e9es par le coordonnateur du dialogue national aux diff\u00e9rentes formations politiques sur divers sujets li\u00e9s \u00e0 ce dialogue.<\/p>\n<p>Dans un discours prononc\u00e9 \u00e0 cette occasion, le coordinateur du dialogue national a remerci\u00e9 les partis de la majorit\u00e9 d\u2019avoir pr\u00e9sent\u00e9 une proposition unifi\u00e9e sur le dialogue politique, notant que leur vision unifi\u00e9e sur toutes les questions \u00e0 traiter par le dialogue est importante pour parvenir \u00e0 un consensus politique.<\/p>\n<p>Il a soulign\u00e9 que les acquis historiques et politiques de la Mauritanie, ainsi que le d\u00e9veloppement de la pens\u00e9e politique en particulier, permettent aux partis politiques d\u2019organiser un dialogue dans un esprit de responsabilit\u00e9 et de respect, permettant d\u2019aboutir \u00e0 des r\u00e9sultats utiles.<\/p>\n<p>Pour sa part, M. Sidi Ahmed Ould Mohamed, Pr\u00e9sident du Parti de l\u2019Equit\u00e9, a remerci\u00e9 tous les partis de la majorit\u00e9 pour leurs positions qui refl\u00e8tent leur unit\u00e9 derri\u00e8re les choix du Pr\u00e9sident de la R\u00e9publique, Monsieur Mohamed Ould Cheikh El Ghazouani, notant que cette r\u00e9union exprime l\u2019engagement \u00e0 soutenir sa d\u00e9cision d\u2019organiser un dialogue national inclusif.<\/p>\n<p>Il a ajout\u00e9 qu\u2019en d\u00e9pit de la situation politique confortable dans le pays et de l\u2019ouverture, le Pr\u00e9sident de la R\u00e9publique a tenu \u00e0 organiser un dialogue politique national entre tous les partis politiques pour soulever toutes les questions et pr\u00e9senter des visions appropri\u00e9es pour r\u00e9soudre les diff\u00e9rentes questions.<\/p>\n<p>Il a indiqu\u00e9 que la majorit\u00e9 pr\u00e9sidentielle a d\u00e9cid\u00e9 de r\u00e9pondre collectivement \u00e0 la lettre envoy\u00e9e par le coordinateur national du dialogue sur sa vision des principales questions n\u00e9cessaires \u00e0 la meilleure organisation d\u2019un dialogue politique.<br \/>\nAmi<br \/>\nTire LDM<\/p>\n","protected":false},"excerpt":{"rendered":"<p>Les partis de la majorit\u00e9 ont remis dimanche soir au coordonnateur du dialogue national, M. Moussa Fall, une p\u00e9tition comprenant leur vision sur les principales questions qui devraient \u00eatre incluses dans le dialogue politique \u00e0 venir. Le document, remis par le pr\u00e9sident du Parti de l\u2019\u00e9quit\u00e9, M. Sid&#8217;Ahmed Ould Mohamed, en pr\u00e9sence des chefs des &hellip;<\/p>\n","protected":false},"author":2,"featured_media":15264,"comment_status":"open","ping_status":"open","sticky":false,"template":"","format":"standard","meta":{"footnotes":""},"categories":[18,31],"tags":[],"class_list":["post-15263","post","type-post","status-publish","format-standard","has-post-thumbnail","hentry","category-actualites","category-politique-et-reportages"],"_links":{"self":[{"href":"https:\/\/ladepeche.mr\/index.php?rest_route=\/wp\/v2\/posts\/15263","targetHints":{"allow":["GET"]}}],"collection":[{"href":"https:\/\/ladepeche.mr\/index.php?rest_route=\/wp\/v2\/posts"}],"about":[{"href":"https:\/\/ladepeche.mr\/index.php?rest_route=\/wp\/v2\/types\/post"}],"author":[{"embeddable":true,"href":"https:\/\/ladepeche.mr\/index.php?rest_route=\/wp\/v2\/users\/2"}],"replies":[{"embeddable":true,"href":"https:\/\/ladepeche.mr\/index.php?rest_route=%2Fwp%2Fv2%2Fcomments&post=15263"}],"version-history":[{"count":2,"href":"https:\/\/ladepeche.mr\/index.php?rest_route=\/wp\/v2\/posts\/15263\/revisions"}],"predecessor-version":[{"id":15282,"href":"https:\/\/ladepeche.mr\/index.php?rest_route=\/wp\/v2\/posts\/15263\/revisions\/15282"}],"wp:featuredmedia":[{"embeddable":true,"href":"https:\/\/ladepeche.mr\/index.php?rest_route=\/wp\/v2\/media\/15264"}],"wp:attachment":[{"href":"https:\/\/ladepeche.mr\/index.php?rest_route=%2Fwp%2Fv2%2Fmedia&parent=15263"}],"wp:term":[{"taxonomy":"category","embeddable":true,"href":"https:\/\/ladepeche.mr\/index.php?rest_route=%2Fwp%2Fv2%2Fcategories&post=15263"},{"taxonomy":"post_tag","embeddable":true,"href":"https:\/\/ladepeche.mr\/index.php?rest_route=%2Fwp%2Fv2%2Ftags&post=15263"}],"curies":[{"name":"wp","href":"https:\/\/api.w.org\/{rel}","templated":true}]}}