{"id":15266,"date":"2025-04-28T10:30:48","date_gmt":"2025-04-28T10:30:48","guid":{"rendered":"https:\/\/ladepeche.mr\/?p=15266"},"modified":"2025-04-28T08:54:30","modified_gmt":"2025-04-28T08:54:30","slug":"ladministration-trump-expulse-trois-enfants-americains-dont-un-atteint-dun-cancer","status":"publish","type":"post","link":"https:\/\/ladepeche.mr\/?p=15266","title":{"rendered":"L&#8217;administration Trump expulse trois enfants am\u00e9ricains, dont un atteint d&#8217;un cancer"},"content":{"rendered":"<p>Trois enfants am\u00e9ricains de deux, quatre et sept ans, dont un atteint d&#8217;un cancer, ont \u00e9t\u00e9 expuls\u00e9s des \u00c9tats-Unis avec leurs m\u00e8res immigr\u00e9es clandestines, ont d\u00e9nonc\u00e9 samedi des associations de d\u00e9fense des libert\u00e9s publiques, fustigeant la politique anti-immigration draconienne de Donald Trump.<\/p>\n<p>\u00ab Sans v\u00e9ritable proc\u00e9dure \u00bb juridique formelle<br \/>\nLe cas d&#8217;une fillette de 2 ans renvoy\u00e9e avec sa m\u00e8re vers le Honduras, affaire entre les mains d&#8217;un juge f\u00e9d\u00e9ral en Louisiane (sud), est la derni\u00e8re en date qui place la justice am\u00e9ricaine en conflit ouvert avec le pouvoir ex\u00e9cutif. Le juge Terry Doughty a fix\u00e9 au 16 mai une audience cens\u00e9e \u00ab dissiper notre forte suspicion que le gouvernement vient d&#8217;expulser un citoyen am\u00e9ricain sans v\u00e9ritable proc\u00e9dure \u00bb juridique formelle, est-il \u00e9crit dans un document judiciaire rendu public vendredi. Il y est rappel\u00e9 que le droit am\u00e9ricain interdit d&#8217;expulser vers l&#8217;\u00e9tranger un ressortissant des \u00c9tats-Unis.<\/p>\n<p>Selon cette ordonnance judiciaire, l&#8217;administration Trump ne conteste pas les faits mais assure que l&#8217;expulsion de l&#8217;enfant, identifi\u00e9e sous ses initiales \u00ab V.M.L. \u00bb, r\u00e9pond \u00e0 la requ\u00eate expresse de la m\u00e8re, elle-m\u00eame renvoy\u00e9e vers le Honduras car en situation irr\u00e9guli\u00e8re aux \u00c9tats-Unis. \u00ab Le gouvernement soutient que c&#8217;est normal, car la m\u00e8re souhaite que l&#8217;enfant soit expuls\u00e9 avec elle. Mais la cour n&#8217;en a pas connaissance \u00bb, conteste, sur la forme, le magistrat.<\/p>\n<p>La petite fille a \u00e9t\u00e9 expuls\u00e9e avec sa m\u00e8re hondurienne apr\u00e8s une r\u00e9tention administrative par les services de l&#8217;immigration (Immigration and Customs Enforcement, ICE) bien que les avocats du p\u00e8re aient d\u00e9pos\u00e9 devant la justice un r\u00e9f\u00e9r\u00e9 en urgence visant \u00e0 la faire lib\u00e9rer.<\/p>\n<p>Les associations vent debout<br \/>\nVent debout contre la politique de l&#8217;administration Trump, les associations American Civil Liberties Union (Aclu) et National Immigration Project (NIP) ont d\u00e9nonc\u00e9 le sort de la toute jeune am\u00e9ricaine n\u00e9e aux \u00c9tats-Unis. Et dans des communiqu\u00e9s, les ONG ont aussi fustig\u00e9 \u00ab l&#8217;expulsion par ICE \u00e0 la Nouvelle-Orl\u00e9ans d&#8217;au moins deux (autres) familles, dont deux m\u00e8res et leurs enfants \u00bb.<br \/>\nhttps:\/\/www.leprogres.fr\/societe\/2025\/04\/27\/l-administration-trump-expulse-trois-enfants-americains-dont-un-atteint-d-un-cancer<\/p>\n","protected":false},"excerpt":{"rendered":"<p>Trois enfants am\u00e9ricains de deux, quatre et sept ans, dont un atteint d&#8217;un cancer, ont \u00e9t\u00e9 expuls\u00e9s des \u00c9tats-Unis avec leurs m\u00e8res immigr\u00e9es clandestines, ont d\u00e9nonc\u00e9 samedi des associations de d\u00e9fense des libert\u00e9s publiques, fustigeant la politique anti-immigration draconienne de Donald Trump. \u00ab Sans v\u00e9ritable proc\u00e9dure \u00bb juridique formelle Le cas d&#8217;une fillette de 2 &hellip;<\/p>\n","protected":false},"author":2,"featured_media":15267,"comment_status":"open","ping_status":"open","sticky":false,"template":"","format":"standard","meta":{"footnotes":""},"categories":[18,29],"tags":[],"class_list":["post-15266","post","type-post","status-publish","format-standard","has-post-thumbnail","hentry","category-actualites","category-monde"],"_links":{"self":[{"href":"https:\/\/ladepeche.mr\/index.php?rest_route=\/wp\/v2\/posts\/15266","targetHints":{"allow":["GET"]}}],"collection":[{"href":"https:\/\/ladepeche.mr\/index.php?rest_route=\/wp\/v2\/posts"}],"about":[{"href":"https:\/\/ladepeche.mr\/index.php?rest_route=\/wp\/v2\/types\/post"}],"author":[{"embeddable":true,"href":"https:\/\/ladepeche.mr\/index.php?rest_route=\/wp\/v2\/users\/2"}],"replies":[{"embeddable":true,"href":"https:\/\/ladepeche.mr\/index.php?rest_route=%2Fwp%2Fv2%2Fcomments&post=15266"}],"version-history":[{"count":1,"href":"https:\/\/ladepeche.mr\/index.php?rest_route=\/wp\/v2\/posts\/15266\/revisions"}],"predecessor-version":[{"id":15268,"href":"https:\/\/ladepeche.mr\/index.php?rest_route=\/wp\/v2\/posts\/15266\/revisions\/15268"}],"wp:featuredmedia":[{"embeddable":true,"href":"https:\/\/ladepeche.mr\/index.php?rest_route=\/wp\/v2\/media\/15267"}],"wp:attachment":[{"href":"https:\/\/ladepeche.mr\/index.php?rest_route=%2Fwp%2Fv2%2Fmedia&parent=15266"}],"wp:term":[{"taxonomy":"category","embeddable":true,"href":"https:\/\/ladepeche.mr\/index.php?rest_route=%2Fwp%2Fv2%2Fcategories&post=15266"},{"taxonomy":"post_tag","embeddable":true,"href":"https:\/\/ladepeche.mr\/index.php?rest_route=%2Fwp%2Fv2%2Ftags&post=15266"}],"curies":[{"name":"wp","href":"https:\/\/api.w.org\/{rel}","templated":true}]}}