{"id":1527,"date":"2022-08-22T12:52:54","date_gmt":"2022-08-22T12:52:54","guid":{"rendered":"https:\/\/ladepeche.mr\/?p=1527"},"modified":"2022-08-22T12:52:54","modified_gmt":"2022-08-22T12:52:54","slug":"mauritanie-biram-appelle-pour-une-coalition-de-lopposition","status":"publish","type":"post","link":"https:\/\/ladepeche.mr\/?p=1527","title":{"rendered":"Mauritanie: Biram appelle pour une coalition de l\u2019opposition"},"content":{"rendered":"<p>Le pr\u00e9sident d\u2019IRA, Biram Dah Abeid dans un discours, appelle pour une coalition de l\u2019opposition<br \/>\ncontre le pouvoir.<br \/>\nSelon Biram, le pr\u00e9sident Ghazouani n\u2019a pas respect\u00e9 ses engagements. Il lui avait promu de reconna\u00eetre tous les partis politiques, \u00e0 savoir le rag et les fpc, d\u2019ouvrir le champ d\u00e9mocratique et r\u00e9vis\u00e9 le code \u00e9lectoral.<br \/>\nA la suite des \u00e9lections pr\u00e9sidentielles de 2019, Biram avait opt\u00e9 pour une strat\u00e9gie d\u2019apaisement avec le pouvoir, afin que le pr\u00e9sident remplisse ses promesses. Biram d\u00e9clare que le pr\u00e9sident a rejet\u00e9 le dialogue qu\u2019il avait entam\u00e9 avec lui et \u00e0 l\u2019opposition.<br \/>\n\u00ab \u00c9tant donn\u00e9 que l\u2019objet de nos accords, de nos consensus, de nos compr\u00e9hensions avec le pr\u00e9sident Gazouani ne sont pas des choses personnelles, mais uniquement des choses relevant de l\u2019int\u00e9r\u00eat public, de la politique et des droits de l\u2019homme. \u00c9tant donn\u00e9 que lui (Ghazouani) il a reni\u00e9 ses engagements, il est totalement justifi\u00e9 et logique que nous nous engagions dans une nouvelle option d\u2019une opposition d\u00e9termin\u00e9e et sans merci contre le pouvoir. Cette opposition implique un rassemblement de l\u2019opposition \u00bb d\u00e9clare le leader d\u2019IRA.<br \/>\nApr\u00e8s cette situation, que Dah Abeid qualifie de subite, il tend la main \u00e0 l\u2019opposition en ciblant surtout les partis \u00e0 majorit\u00e9 n\u00e9gro-mauritanien. Biram sollicite une concertation avec la CVE et la CVE\/vr.<br \/>\nIl appelle tous les partis politiques \u00e0 une coalition pour les \u00e9lections \u00e0 venir et \u00e0 copier le mod\u00e8le de la coalition fran\u00e7aise et yeewi\/wallu au S\u00e9n\u00e9gal.<br \/>\nRappelons que Biram avait accus\u00e9 l\u2019opposition de fauteur de troubles, en essayant d\u2019inciter le pr\u00e9sident \u00e0 \u00eatre contre lui et d\u2019exploiter son discours comme \u00e9tant contre Ghazouani.<\/p>\n<p>Source: senealioune<\/p>\n","protected":false},"excerpt":{"rendered":"<p>Le pr\u00e9sident d\u2019IRA, Biram Dah Abeid dans un discours, appelle pour une coalition de l\u2019opposition contre le pouvoir. Selon Biram, le pr\u00e9sident Ghazouani n\u2019a pas respect\u00e9 ses engagements. Il lui avait promu de reconna\u00eetre tous les partis politiques, \u00e0 savoir le rag et les fpc, d\u2019ouvrir le champ d\u00e9mocratique et r\u00e9vis\u00e9 le code \u00e9lectoral. A &hellip;<\/p>\n","protected":false},"author":2,"featured_media":1528,"comment_status":"open","ping_status":"open","sticky":false,"template":"","format":"standard","meta":{"footnotes":""},"categories":[18],"tags":[],"class_list":["post-1527","post","type-post","status-publish","format-standard","has-post-thumbnail","hentry","category-actualites"],"_links":{"self":[{"href":"https:\/\/ladepeche.mr\/index.php?rest_route=\/wp\/v2\/posts\/1527","targetHints":{"allow":["GET"]}}],"collection":[{"href":"https:\/\/ladepeche.mr\/index.php?rest_route=\/wp\/v2\/posts"}],"about":[{"href":"https:\/\/ladepeche.mr\/index.php?rest_route=\/wp\/v2\/types\/post"}],"author":[{"embeddable":true,"href":"https:\/\/ladepeche.mr\/index.php?rest_route=\/wp\/v2\/users\/2"}],"replies":[{"embeddable":true,"href":"https:\/\/ladepeche.mr\/index.php?rest_route=%2Fwp%2Fv2%2Fcomments&post=1527"}],"version-history":[{"count":1,"href":"https:\/\/ladepeche.mr\/index.php?rest_route=\/wp\/v2\/posts\/1527\/revisions"}],"predecessor-version":[{"id":1529,"href":"https:\/\/ladepeche.mr\/index.php?rest_route=\/wp\/v2\/posts\/1527\/revisions\/1529"}],"wp:featuredmedia":[{"embeddable":true,"href":"https:\/\/ladepeche.mr\/index.php?rest_route=\/wp\/v2\/media\/1528"}],"wp:attachment":[{"href":"https:\/\/ladepeche.mr\/index.php?rest_route=%2Fwp%2Fv2%2Fmedia&parent=1527"}],"wp:term":[{"taxonomy":"category","embeddable":true,"href":"https:\/\/ladepeche.mr\/index.php?rest_route=%2Fwp%2Fv2%2Fcategories&post=1527"},{"taxonomy":"post_tag","embeddable":true,"href":"https:\/\/ladepeche.mr\/index.php?rest_route=%2Fwp%2Fv2%2Ftags&post=1527"}],"curies":[{"name":"wp","href":"https:\/\/api.w.org\/{rel}","templated":true}]}}