{"id":15272,"date":"2025-04-28T09:09:48","date_gmt":"2025-04-28T09:09:48","guid":{"rendered":"https:\/\/ladepeche.mr\/?p=15272"},"modified":"2025-04-28T09:09:48","modified_gmt":"2025-04-28T09:09:48","slug":"atar-formation-de-35-personnes-a-lart-du-theatre","status":"publish","type":"post","link":"https:\/\/ladepeche.mr\/?p=15272","title":{"rendered":"Atar : Formation de 35 personnes \u00e0 l\u2019art du th\u00e9\u00e2tre"},"content":{"rendered":"<p>Le wali adjoint de l\u2019Adrar, M. Sidi Mohamed Ould Soueilim, a supervis\u00e9, samedi matin \u00e0 Atar, l\u2019ouverture d\u2019un stage de formation de 35 participants aux techniques de l\u2019art du th\u00e9\u00e2tre, organis\u00e9 en coop\u00e9ration entre le Syndicat mauritanien des m\u00e9tiers de sc\u00e8ne et l\u2019association pour la cr\u00e9ativit\u00e9 et le d\u00e9veloppement des talents sous le titre : \u201cOui au d\u00e9veloppement des talents\u201d.<\/p>\n<p>Dans une allocution prononc\u00e9e \u00e0 cette occasion, le wali adjoint a soulign\u00e9 que les plus hautes autorit\u00e9s du pays accordent une attention particuli\u00e8re aux arts, notamment au th\u00e9\u00e2tre, qui constitue un outil important de sensibilisation, d\u2019\u00e9ducation et de diffusion des valeurs d\u2019unit\u00e9 et de coh\u00e9sion sociale, refl\u00e9tant les aspects de progr\u00e8s et de civilisation de la soci\u00e9t\u00e9.<\/p>\n<p>Il a indiqu\u00e9 que ce cours vise \u00e0 d\u00e9velopper et \u00e0 soutenir les capacit\u00e9s des jeunes int\u00e9ress\u00e9s par le domaine du th\u00e9\u00e2tre, \u00e0 cr\u00e9er un go\u00fbt artistique, \u00e0 d\u00e9couvrir et \u00e0 d\u00e9velopper les talents \u00e9mergents.<\/p>\n<p>Il a appel\u00e9 les participants \u00e0 tirer profit des pr\u00e9sentations, de l\u2019expertise et des exp\u00e9riences incluses dans le programme du cours de trois jours.<\/p>\n<p>Pour sa part, le d\u00e9l\u00e9gu\u00e9 r\u00e9gional adjoint du minist\u00e8re de la jeunesse, de l\u2019emploi, des sports et du service civique, M. Sid\u2019Ahmed Ould Mseidef a salu\u00e9 l\u2019organisation de ce cours de formation, notant qu\u2019il contribuera \u00e0 cr\u00e9er une conscience culturelle parmi les jeunes de la wilaya.<\/p>\n<p>Le d\u00e9l\u00e9gu\u00e9 r\u00e9gional du Syndicat des m\u00e9tiers de sc\u00e8ne \u00e0 Atar, M. Cheikh Ould El Varoui et le pr\u00e9sident de l\u2019Association pour la cr\u00e9ativit\u00e9 et le d\u00e9veloppement des talents, M. Ahmed Salem Bousbaie ont estim\u00e9 que ce stage constitue un pas concret vers la promotion de la culture du th\u00e9\u00e2tre chez les jeunes et la cons\u00e9cration des valeurs de cr\u00e9ativit\u00e9 et de travail en \u00e9quipe.<\/p>\n<p>La formation a \u00e9t\u00e9 lanc\u00e9e en pr\u00e9sence du hakem adjoint d\u2019Atar, du maire de la commune, du pr\u00e9sident du forum r\u00e9gional de la soci\u00e9t\u00e9 civile et des responsables d\u2019associations et de clubs culturels de la ville d\u2019Atar.<br \/>\nAmi<\/p>\n","protected":false},"excerpt":{"rendered":"<p>Le wali adjoint de l\u2019Adrar, M. Sidi Mohamed Ould Soueilim, a supervis\u00e9, samedi matin \u00e0 Atar, l\u2019ouverture d\u2019un stage de formation de 35 participants aux techniques de l\u2019art du th\u00e9\u00e2tre, organis\u00e9 en coop\u00e9ration entre le Syndicat mauritanien des m\u00e9tiers de sc\u00e8ne et l\u2019association pour la cr\u00e9ativit\u00e9 et le d\u00e9veloppement des talents sous le titre : &hellip;<\/p>\n","protected":false},"author":2,"featured_media":15273,"comment_status":"open","ping_status":"open","sticky":false,"template":"","format":"standard","meta":{"footnotes":""},"categories":[15],"tags":[],"class_list":["post-15272","post","type-post","status-publish","format-standard","has-post-thumbnail","hentry","category-culture"],"_links":{"self":[{"href":"https:\/\/ladepeche.mr\/index.php?rest_route=\/wp\/v2\/posts\/15272","targetHints":{"allow":["GET"]}}],"collection":[{"href":"https:\/\/ladepeche.mr\/index.php?rest_route=\/wp\/v2\/posts"}],"about":[{"href":"https:\/\/ladepeche.mr\/index.php?rest_route=\/wp\/v2\/types\/post"}],"author":[{"embeddable":true,"href":"https:\/\/ladepeche.mr\/index.php?rest_route=\/wp\/v2\/users\/2"}],"replies":[{"embeddable":true,"href":"https:\/\/ladepeche.mr\/index.php?rest_route=%2Fwp%2Fv2%2Fcomments&post=15272"}],"version-history":[{"count":1,"href":"https:\/\/ladepeche.mr\/index.php?rest_route=\/wp\/v2\/posts\/15272\/revisions"}],"predecessor-version":[{"id":15274,"href":"https:\/\/ladepeche.mr\/index.php?rest_route=\/wp\/v2\/posts\/15272\/revisions\/15274"}],"wp:featuredmedia":[{"embeddable":true,"href":"https:\/\/ladepeche.mr\/index.php?rest_route=\/wp\/v2\/media\/15273"}],"wp:attachment":[{"href":"https:\/\/ladepeche.mr\/index.php?rest_route=%2Fwp%2Fv2%2Fmedia&parent=15272"}],"wp:term":[{"taxonomy":"category","embeddable":true,"href":"https:\/\/ladepeche.mr\/index.php?rest_route=%2Fwp%2Fv2%2Fcategories&post=15272"},{"taxonomy":"post_tag","embeddable":true,"href":"https:\/\/ladepeche.mr\/index.php?rest_route=%2Fwp%2Fv2%2Ftags&post=15272"}],"curies":[{"name":"wp","href":"https:\/\/api.w.org\/{rel}","templated":true}]}}