{"id":15300,"date":"2025-04-29T08:09:32","date_gmt":"2025-04-29T08:09:32","guid":{"rendered":"https:\/\/ladepeche.mr\/?p=15300"},"modified":"2025-04-29T08:10:38","modified_gmt":"2025-04-29T08:10:38","slug":"15300","status":"publish","type":"post","link":"https:\/\/ladepeche.mr\/?p=15300","title":{"rendered":"Le Pr\u00e9sident de la R\u00e9publique pose la 1\u00e8re pierre du projet de construction d\u2019une centrale dual fuel-gaz de 60 m\u00e9gawatts \u00e0 Nouakchott"},"content":{"rendered":"<p>Le Pr\u00e9sident de la R\u00e9publique, S.E Mohamed Ould Cheikh El Ghazouani a proc\u00e9d\u00e9, lundi, \u00e0 Nouakchott, \u00e0 la pose de la premi\u00e8re pierre du projet de r\u00e9alisation d\u2019une centrale dual fuel-gaz d\u2019une capacit\u00e9 de 60 m\u00e9gawatts (MW). Le projet qui sera ex\u00e9cut\u00e9 dans un d\u00e9lai de 15 mois, est enti\u00e8rement financ\u00e9 par l\u2019Etat mauritanien \u00e0 hauteur de 81 851 220,93 de dollars am\u00e9ricains, soit environ 32 milliards d\u2019ouguiyas.<\/p>\n<p>Dans un mot prononc\u00e9 pour la circonstance, le ministre de l\u2019Energie et du P\u00e9trole, M. Mohamed Ould Mohamed Malainine Ould Khaled, a d\u00e9clar\u00e9 que le projet structurel qui vient d\u2019\u00eatre lanc\u00e9 s\u2019inscrit dans le cadre de la politique de l\u2019Etat visant \u00e0 r\u00e9aliser la souverainet\u00e9 \u00e9nerg\u00e9tique. Il a signal\u00e9 qu\u2019il intervient \u00e9galement dans un contexte ou la demande en \u00e9nergie est croissante, l\u2019augmentation des capacit\u00e9s de production, l\u2019extension des r\u00e9seaux permettant d\u2019am\u00e9liorer la qualit\u00e9 des services.<\/p>\n<p>La construction d\u2019une nouvelle centrale \u00e9lectrique permettra d\u2019augmenter la production de 180 \u00e0 240 m\u00e9gawatts, selon le ministre. Au passage, il a affirm\u00e9 que la Mauritanie ambitionne de doubler sa production d\u2019ici 2028, ce qui implique la r\u00e9solution de plusieurs probl\u00e8mes, dont ceux li\u00e9s \u00e0 la production et \u00e0 la distribution.<\/p>\n<p>Concernant les sp\u00e9cifications techniques, le ministre a indiqu\u00e9 que la centrale \u00e9lectrique sera dot\u00e9e d\u2019auxiliaires m\u00e9caniques et \u00e9lectriques n\u00e9cessaires pour son fonctionnement. Poursuivant, il a relev\u00e9 qu\u2019ils sont compos\u00e9s de 4 groupes \u00e9lectrog\u00e8nes de puissances unitaires de 18,5 m\u00e9gawatts, de 4 alternateurs 11 000 Volt, de 4 transformateurs 11\/33kV de puissance 25MVA (transformateur \u00e9l\u00e9vateur). Le projet int\u00e8gre \u00e9galement des travaux de construction d\u2019un poste d\u2019\u00e9vacuation d\u2019\u00e9nergie de 33 kV comprenant 5 d\u00e9parts 33 kV vers la ville de Nouakchott.<\/p>\n<p>Le ministre a rappel\u00e9 que des comp\u00e9tences mauritaniennes ont travaill\u00e9 de bout en bout pour ficeler le projet de construction d\u2019une centrale qui fonctionne avec l\u2019\u00e9nergie renouvelable d\u2019une capacit\u00e9 de 60 m\u00e9gawatts. Elle sera dot\u00e9e d\u2019un syst\u00e8me de stockage par batteries. Sa r\u00e9alisation se fera avec un partenariat entre le secteur public et le secteur priv\u00e9. Selon le ministre, le contrat sera sign\u00e9 dans un d\u00e9lai de deux mois avec la soci\u00e9t\u00e9 en charge de la construction, pour une dur\u00e9e de 12 mois.<\/p>\n<p>En outre, le ministre annonc\u00e9 l\u2019augmentation de la capacit\u00e9 de la centrale \u00e9olienne de Boulenoir de 20 m\u00e9gawatts, portant ainsi sa production \u00e0 100 m\u00e9gawatts. Dans le m\u00eame sens, il a annonc\u00e9 que son d\u00e9partement travaille sur deux grands projets de production d\u2019\u00e9lectricit\u00e9 \u00e0 partir du gaz. Le premier est une centrale \u00e0 N\u2019Diago, qui produira 230 m\u00e9gawatts en utilisant le gaz du champ Ahmeyim, dont les appels offres seront soumis \u00e0 la fin du mois prochain. Le second est une autre centrale \u00e0 Nouakchott, qui fonctionnera avec le gaz du champ de Panda d\u2019une capacit\u00e9 de 300 m\u00e9gawatts, fournissant de l\u2019\u00e9lectricit\u00e9 \u00e0 la soci\u00e9t\u00e9 mauritanienne d\u2019\u00e9lectricit\u00e9 (Somelec) et aux entreprises mini\u00e8res \u00e9tablies dans le nord.<\/p>\n<p>S\u2019agissant de la capitale du pays, le ministre a signal\u00e9 que depuis plusieurs mois, un programme est en cours pour am\u00e9liorer le r\u00e9seau \u00e9lectrique. D\u2019un budget de 18 milliards d\u2019ouguiyas (MRU), il permettra aussi de moderniser les infrastructures, construire de nouvelles lignes de raccordement et \u00e9tablir 40 nouveaux points de distribution dans divers quartiers de la ville, ainsi qu\u2019\u00e9largir le r\u00e9seau d\u2019\u00e9clairage public. Un nouveau c\u00e2ble \u00e9lectrique sera \u00e9galement construit pour relier Nouakchott \u00e0 Idini.<\/p>\n<p>Au niveau national, il a pr\u00e9cis\u00e9 que le programme prioritaire visant \u00e0 g\u00e9n\u00e9raliser l\u2019acc\u00e8s aux services essentiels pour booster le d\u00e9veloppement local comprendra le renforcement des r\u00e9seaux \u00e9lectriques, la construction de centrales \u00e9lectriques et des r\u00e9seaux d\u2019\u00e9clairage public dans les villes et villages, avec un budget de 40 milliards d\u2019ouguiyas.<\/p>\n<p>De son c\u00f4t\u00e9, le vice-pr\u00e9sident de la R\u00e9gion de Nouakchott, M. Idoumou Ould Abeid Allah, a d\u00e9clar\u00e9 que ce projet important contribuera au d\u00e9veloppement du pays et posera les bases d\u2019un avenir plus prosp\u00e8re, soulignant qu\u2019il s\u2019agit d\u2019une nouvelle \u00e9tape dans le processus de d\u00e9veloppement durable, pr\u00f4n\u00e9 par le le Pr\u00e9sident de la R\u00e9publique.<\/p>\n<p>Ould Abeid Allah a affirm\u00e9 que la R\u00e9gion, \u00e0 son niveau, accompagne les politiques de l\u2019Etat, \u00e0 travers l\u2019\u00e9laboration d\u2019un plan directeur pour l\u2019\u00e9clairage public \u00e0 Nouakchott, notant que 800 lampadaires solaires ont d\u00e9j\u00e0 \u00e9t\u00e9 install\u00e9s dans les quartiers p\u00e9riph\u00e9riques de Toujounine, Dar Naim et Riyadh. Il a aussi soulign\u00e9 que la r\u00e9gion a distribu\u00e9s des kits solaires aux coop\u00e9ratives f\u00e9minines et \u00e0 des familles qui ne sont pas encore desservis par le r\u00e9seau \u00e9lectrique.<\/p>\n<p>Pour sa part, le maire de la commune de Tevragh-Zeina, M. Taleb Ould Mahjoub, a estim\u00e9 que ce projet vient s\u2019ajouter \u00e0 ceux d\u00e9j\u00e0 r\u00e9alis\u00e9s, entrant dans le cadre des politiques du Gouvernement visant \u00e0 am\u00e9liorer les conditions de vie des citoyens, r\u00e9sultant du programme pr\u00e9sidentiel \u00ab Mon ambition pour la patrie \u00bb. Ce programme a-t-il dit, vise \u00e0 transformer la r\u00e9alit\u00e9 \u00e9conomique et sociale afin de r\u00e9pondre aux aspirations l\u00e9gitimes du pays.<\/p>\n<p>Ould Mahjoub a soulign\u00e9 que la municipalit\u00e9 a \u00e9tudi\u00e9 un projet de construction de passerelles pour pi\u00e9tons le long des axes adjacents aux march\u00e9s et devant ceux-ci pour faciliter la circulation et r\u00e9duire les embouteillages, dans le but d\u2019accompagner les programmes ambitieux pour la modernisation de la ville de Nouakchott, invitant les autorit\u00e9s \u00e0 l\u2019accompagner pour la r\u00e9alisation du projet.<\/p>\n<p>Par ailleurs, l\u2019assistance a suivi, en marge de la c\u00e9r\u00e9monie, une capsule sur les r\u00e9alisations du Gouvernement dans le domaine de l\u2019\u00e9nergie, exposant les potentialit\u00e9s du pays en mati\u00e8re d\u2019\u00e9nergies propres et les perspectives de d\u00e9veloppement.<\/p>\n<p>La c\u00e9r\u00e9monie de pose de la premi\u00e8re pierre du projet, s\u2019est d\u00e9roul\u00e9e en pr\u00e9sence du Premier ministre, M. El Moctar Ould Djay, du pr\u00e9sident de l\u2019Assembl\u00e9e nationale, de membres du Gouvernement, du corps diplomatique, d\u2019\u00e9lus locaux, des partenaires techniques et financiers et des autorit\u00e9s administratives entre autres.<\/p>\n<p>Ami<\/p>\n","protected":false},"excerpt":{"rendered":"<p>Le Pr\u00e9sident de la R\u00e9publique, S.E Mohamed Ould Cheikh El Ghazouani a proc\u00e9d\u00e9, lundi, \u00e0 Nouakchott, \u00e0 la pose de la premi\u00e8re pierre du projet de r\u00e9alisation d\u2019une centrale dual fuel-gaz d\u2019une capacit\u00e9 de 60 m\u00e9gawatts (MW). Le projet qui sera ex\u00e9cut\u00e9 dans un d\u00e9lai de 15 mois, est enti\u00e8rement financ\u00e9 par l\u2019Etat mauritanien \u00e0 &hellip;<\/p>\n","protected":false},"author":2,"featured_media":15296,"comment_status":"open","ping_status":"open","sticky":false,"template":"","format":"standard","meta":{"footnotes":""},"categories":[18,2],"tags":[],"class_list":["post-15300","post","type-post","status-publish","format-standard","has-post-thumbnail","hentry","category-actualites","category-economie"],"_links":{"self":[{"href":"https:\/\/ladepeche.mr\/index.php?rest_route=\/wp\/v2\/posts\/15300","targetHints":{"allow":["GET"]}}],"collection":[{"href":"https:\/\/ladepeche.mr\/index.php?rest_route=\/wp\/v2\/posts"}],"about":[{"href":"https:\/\/ladepeche.mr\/index.php?rest_route=\/wp\/v2\/types\/post"}],"author":[{"embeddable":true,"href":"https:\/\/ladepeche.mr\/index.php?rest_route=\/wp\/v2\/users\/2"}],"replies":[{"embeddable":true,"href":"https:\/\/ladepeche.mr\/index.php?rest_route=%2Fwp%2Fv2%2Fcomments&post=15300"}],"version-history":[{"count":2,"href":"https:\/\/ladepeche.mr\/index.php?rest_route=\/wp\/v2\/posts\/15300\/revisions"}],"predecessor-version":[{"id":15302,"href":"https:\/\/ladepeche.mr\/index.php?rest_route=\/wp\/v2\/posts\/15300\/revisions\/15302"}],"wp:featuredmedia":[{"embeddable":true,"href":"https:\/\/ladepeche.mr\/index.php?rest_route=\/wp\/v2\/media\/15296"}],"wp:attachment":[{"href":"https:\/\/ladepeche.mr\/index.php?rest_route=%2Fwp%2Fv2%2Fmedia&parent=15300"}],"wp:term":[{"taxonomy":"category","embeddable":true,"href":"https:\/\/ladepeche.mr\/index.php?rest_route=%2Fwp%2Fv2%2Fcategories&post=15300"},{"taxonomy":"post_tag","embeddable":true,"href":"https:\/\/ladepeche.mr\/index.php?rest_route=%2Fwp%2Fv2%2Ftags&post=15300"}],"curies":[{"name":"wp","href":"https:\/\/api.w.org\/{rel}","templated":true}]}}