{"id":15303,"date":"2025-04-29T08:29:24","date_gmt":"2025-04-29T08:29:24","guid":{"rendered":"https:\/\/ladepeche.mr\/?p=15303"},"modified":"2025-04-29T08:29:24","modified_gmt":"2025-04-29T08:29:24","slug":"energie-la-mauritanie-impactee-par-la-gigantesque-panne-vecue-en-europe-are","status":"publish","type":"post","link":"https:\/\/ladepeche.mr\/?p=15303","title":{"rendered":"Energie : La Mauritanie impact\u00e9e par la gigantesque panne v\u00e9cue en Europe (Are)"},"content":{"rendered":"<p>L\u2019Autorit\u00e9 de R\u00e9gulation (ARE) a r\u00e9v\u00e9l\u00e9, lundi, dans un communiqu\u00e9 rendu public que les services de t\u00e9l\u00e9communications dans notre pays ont \u00e9t\u00e9 impact\u00e9s par le d\u00e9lestage encore inexpliqu\u00e9 survenu dans la p\u00e9ninsule ib\u00e9rique et dans certaines r\u00e9gions de France et du Portugal.<br \/>\nL\u2019ARE explique que \u00ab des perturbations ont \u00e9t\u00e9 enregistr\u00e9es aujourd\u2019hui au niveau des services fournis par les op\u00e9rateurs de communications \u00e9lectroniques en raison d\u2019une panne \u00e9lectrique survenue dans certains pays europ\u00e9ens dont notamment l\u2019Espagne, la France et le Portugal \u00bb.<br \/>\nUne panne d\u2019\u00e9lectricit\u00e9 sur le r\u00e9seau europ\u00e9en dont le gouvernement espagnol tente encore de percer le myst\u00e8re. Toutes les hypoth\u00e8ses sont avanc\u00e9es pour expliquer cette d\u00e9faillance in\u00e9dite qui a perturb\u00e9 l\u2019activit\u00e9 \u00e9conomique sur le vieux continent impactant profond\u00e9ment le trafic des trains, des m\u00e9tros, de t\u00e9l\u00e9phonie et distribution mon\u00e9tique.<\/p>\n<p>L\u2019ARE qui dit suivre \u00ab de pr\u00e8s l\u2019\u00e9volution de la situation \u00bb ajoute qu\u2019elle \u00ab prendra, en concertation avec les acteurs concern\u00e9s, toutes les mesures \u00e0 sa port\u00e9e afin de minimiser l\u2019impact d\u2019une telle situation pour nos consommateurs.\u201d<br \/>\nEn Espagne l\u2019\u00e9lectricit\u00e9 a \u00e9t\u00e9 r\u00e9tablie \u00e0 20% gr\u00e2ce \u00e0 des interconnexions avec le Maroc et la France.<\/p>\n","protected":false},"excerpt":{"rendered":"<p>L\u2019Autorit\u00e9 de R\u00e9gulation (ARE) a r\u00e9v\u00e9l\u00e9, lundi, dans un communiqu\u00e9 rendu public que les services de t\u00e9l\u00e9communications dans notre pays ont \u00e9t\u00e9 impact\u00e9s par le d\u00e9lestage encore inexpliqu\u00e9 survenu dans la p\u00e9ninsule ib\u00e9rique et dans certaines r\u00e9gions de France et du Portugal. L\u2019ARE explique que \u00ab des perturbations ont \u00e9t\u00e9 enregistr\u00e9es aujourd\u2019hui au niveau des &hellip;<\/p>\n","protected":false},"author":2,"featured_media":12542,"comment_status":"open","ping_status":"open","sticky":false,"template":"","format":"standard","meta":{"footnotes":""},"categories":[18,2],"tags":[],"class_list":["post-15303","post","type-post","status-publish","format-standard","has-post-thumbnail","hentry","category-actualites","category-economie"],"_links":{"self":[{"href":"https:\/\/ladepeche.mr\/index.php?rest_route=\/wp\/v2\/posts\/15303","targetHints":{"allow":["GET"]}}],"collection":[{"href":"https:\/\/ladepeche.mr\/index.php?rest_route=\/wp\/v2\/posts"}],"about":[{"href":"https:\/\/ladepeche.mr\/index.php?rest_route=\/wp\/v2\/types\/post"}],"author":[{"embeddable":true,"href":"https:\/\/ladepeche.mr\/index.php?rest_route=\/wp\/v2\/users\/2"}],"replies":[{"embeddable":true,"href":"https:\/\/ladepeche.mr\/index.php?rest_route=%2Fwp%2Fv2%2Fcomments&post=15303"}],"version-history":[{"count":1,"href":"https:\/\/ladepeche.mr\/index.php?rest_route=\/wp\/v2\/posts\/15303\/revisions"}],"predecessor-version":[{"id":15304,"href":"https:\/\/ladepeche.mr\/index.php?rest_route=\/wp\/v2\/posts\/15303\/revisions\/15304"}],"wp:featuredmedia":[{"embeddable":true,"href":"https:\/\/ladepeche.mr\/index.php?rest_route=\/wp\/v2\/media\/12542"}],"wp:attachment":[{"href":"https:\/\/ladepeche.mr\/index.php?rest_route=%2Fwp%2Fv2%2Fmedia&parent=15303"}],"wp:term":[{"taxonomy":"category","embeddable":true,"href":"https:\/\/ladepeche.mr\/index.php?rest_route=%2Fwp%2Fv2%2Fcategories&post=15303"},{"taxonomy":"post_tag","embeddable":true,"href":"https:\/\/ladepeche.mr\/index.php?rest_route=%2Fwp%2Fv2%2Ftags&post=15303"}],"curies":[{"name":"wp","href":"https:\/\/api.w.org\/{rel}","templated":true}]}}