{"id":15305,"date":"2025-04-29T10:00:25","date_gmt":"2025-04-29T10:00:25","guid":{"rendered":"https:\/\/ladepeche.mr\/?p=15305"},"modified":"2025-04-29T09:13:15","modified_gmt":"2025-04-29T09:13:15","slug":"droits-de-lhomme-deux-haratines-aux-commandes-des-institutions-de-promotion","status":"publish","type":"post","link":"https:\/\/ladepeche.mr\/?p=15305","title":{"rendered":"Droits de l\u2019Homme : Deux haratines aux commandes des institutions de promotion"},"content":{"rendered":"<p>C\u2019est un v\u00e9ritable message donn\u00e9, lundi, par le gouvernement mauritanien, la veille de la c\u00e9l\u00e9bration par une majorit\u00e9 de mauritaniens du Mithaq Al Watani (Manifeste pour les droits civiques et politiques de 2015) pour la promotion des Haratines, coincidant avec le 29 avril, avec la nomination de personnalit\u00e9s issues de cette frange aux commandes des institutions des droits de l\u2019homme dans le pays.<br \/>\nM\u00eame si certaines langues parlent de \u00ab personnalit\u00e9s du s\u00e9rail \u00bb, les deux hommes \u00e9taient \u00e9galement des figures de proue du mouvement pour l\u2019\u00e9mancipation de cette importante couche dans le pays dont l\u2019un des principaux leaders, Massaoud Ould Boulkheir, fut, des ann\u00e9es durant, pr\u00e9sident de l\u2019Assembl\u00e9e nationale<br \/>\nLes deux hommes dont il s\u2019agit sont El Bekaye Ould Abdel Malek et Cheikh Ahmed Ould Zahaf, respectivement nomm\u00e9s pr\u00e9sident de la Commission Nationale des Droits de l\u2019Homme (CNDH) et pr\u00e9sident du M\u00e9canisme National de Pr\u00e9vention de la Torture (MNPT).<br \/>\nLes deux hommes, anciens ministres, ne sont pas des inconnus et avaient occup\u00e9 de nombreux autres postes dans la hi\u00e9rarchie administrative dans le pays.<br \/>\nMalgr\u00e9 des divergences politiques dans l\u2019interpr\u00e9tation et l\u2019appr\u00e9ciation des efforts consentis par les autorit\u00e9s mauritaniennes dans la promotion de ces droits sp\u00e9cifiques \u00e0 une frange de la population, il reste ind\u00e9niable que l\u2019adoption de lois criminalisant cette pratique et la mise en place de tribunaux sp\u00e9cialis\u00e9s ont contribu\u00e9 \u00e0 circonscrire les survivances de ces pratiques inhumaines.<br \/>\nDes r\u00e9sultats tangibles sont \u00e9galement l\u00e0 aujourd\u2019hui pour \u00ab tourner la page \u00bb hideuse ce crime abominable comme l\u2019on marqu\u00e9 les r\u00e9centes campagnes de sensibilisation men\u00e9es par la CNDH. Un num\u00e9ro vert a m\u00eame \u00e9t\u00e9 mis en place pour d\u00e9noncer les \u00e9ventuels cas qui subsisteraient \u00e0 cette lutte devenue farouche contre ce ph\u00e9nom\u00e8ne soci\u00e9tal.<br \/>\nCependant, des questions li\u00e9es aux droits \u00e9conomiques persistent accentuant la perception de paup\u00e9risation de cette couche d\u2019o\u00f9 l\u2019int\u00e9r\u00eat de programmes de promotion via une discrimination positive en leur faveur.<br \/>\nIl est \u00e9vident qu\u2019en raison de sa sensibilit\u00e9, ce th\u00e8me politiquement r\u00e9current porte encore d\u00e9bat dans cette grande agora. Un autre aspect tient \u00e0 la cr\u00e9dibilit\u00e9 donn\u00e9e \u00e0 la nomination des deux hommes \u00e0 des postes cl\u00e9s visant l&#8217;\u00e9radication de l&#8217;esclavage, le changement de mentalit\u00e9 et le respect de la dignit\u00e9 humaine.<br \/>\nJD<\/p>\n","protected":false},"excerpt":{"rendered":"<p>C\u2019est un v\u00e9ritable message donn\u00e9, lundi, par le gouvernement mauritanien, la veille de la c\u00e9l\u00e9bration par une majorit\u00e9 de mauritaniens du Mithaq Al Watani (Manifeste pour les droits civiques et politiques de 2015) pour la promotion des Haratines, coincidant avec le 29 avril, avec la nomination de personnalit\u00e9s issues de cette frange aux commandes des &hellip;<\/p>\n","protected":false},"author":2,"featured_media":15306,"comment_status":"open","ping_status":"open","sticky":false,"template":"","format":"standard","meta":{"footnotes":""},"categories":[18,31],"tags":[],"class_list":["post-15305","post","type-post","status-publish","format-standard","has-post-thumbnail","hentry","category-actualites","category-politique-et-reportages"],"_links":{"self":[{"href":"https:\/\/ladepeche.mr\/index.php?rest_route=\/wp\/v2\/posts\/15305","targetHints":{"allow":["GET"]}}],"collection":[{"href":"https:\/\/ladepeche.mr\/index.php?rest_route=\/wp\/v2\/posts"}],"about":[{"href":"https:\/\/ladepeche.mr\/index.php?rest_route=\/wp\/v2\/types\/post"}],"author":[{"embeddable":true,"href":"https:\/\/ladepeche.mr\/index.php?rest_route=\/wp\/v2\/users\/2"}],"replies":[{"embeddable":true,"href":"https:\/\/ladepeche.mr\/index.php?rest_route=%2Fwp%2Fv2%2Fcomments&post=15305"}],"version-history":[{"count":1,"href":"https:\/\/ladepeche.mr\/index.php?rest_route=\/wp\/v2\/posts\/15305\/revisions"}],"predecessor-version":[{"id":15307,"href":"https:\/\/ladepeche.mr\/index.php?rest_route=\/wp\/v2\/posts\/15305\/revisions\/15307"}],"wp:featuredmedia":[{"embeddable":true,"href":"https:\/\/ladepeche.mr\/index.php?rest_route=\/wp\/v2\/media\/15306"}],"wp:attachment":[{"href":"https:\/\/ladepeche.mr\/index.php?rest_route=%2Fwp%2Fv2%2Fmedia&parent=15305"}],"wp:term":[{"taxonomy":"category","embeddable":true,"href":"https:\/\/ladepeche.mr\/index.php?rest_route=%2Fwp%2Fv2%2Fcategories&post=15305"},{"taxonomy":"post_tag","embeddable":true,"href":"https:\/\/ladepeche.mr\/index.php?rest_route=%2Fwp%2Fv2%2Ftags&post=15305"}],"curies":[{"name":"wp","href":"https:\/\/api.w.org\/{rel}","templated":true}]}}