{"id":15308,"date":"2025-04-29T11:00:22","date_gmt":"2025-04-29T11:00:22","guid":{"rendered":"https:\/\/ladepeche.mr\/?p=15308"},"modified":"2025-05-01T16:36:38","modified_gmt":"2025-05-01T16:36:38","slug":"economie-le-ministre-de-leconomie-et-des-finances-presente-devant-lassemblee-nationale-le-projet-de-statut-du-personnel-des-douanes","status":"publish","type":"post","link":"https:\/\/ladepeche.mr\/?p=15308","title":{"rendered":"Economie: Le MEF pr\u00e9sente devant l\u2019AN le projet de statut du personnel des Douanes"},"content":{"rendered":"<p>Son Excellence le ministre de l\u2019\u00c9conomie et des Finances, M. Sid&#8217;Ahmed Ould Bouh, a affirm\u00e9 que le nouveau projet de statut du personnel des douanes \u00ab consacre une carri\u00e8re professionnelle motivante et structur\u00e9e, garantissant les droits des individus, renfor\u00e7ant l&#8217;efficacit\u00e9 op\u00e9rationnelle et prot\u00e9geant les int\u00e9r\u00eats \u00e9conomiques et s\u00e9curitaires du pays\u00bb.<\/p>\n<p>Lors de la pr\u00e9sentation du projet de loi n\u00b0 25-017 devant l&#8217;Assembl\u00e9e nationale, Son Excellence a pr\u00e9cis\u00e9 que ce texte vise \u00e0 instaurer un r\u00e9gime sp\u00e9cifique de gestion du personnel des douanes, en harmonie avec les lois r\u00e9gissant les Corps de s\u00e9curit\u00e9 et les corps paramilitaires nationaux similaires, suite \u00e0 la dissociation des Douanes de la fonction publique conform\u00e9ment aux  r\u00e9centes r\u00e9formes.<\/p>\n<p>Le ministre a soulign\u00e9 que cette r\u00e9forme consacre le r\u00f4le vital des Douanes, tant dans la mobilisation des recettes de l&#8217;\u00c9tat et la r\u00e9gulation des \u00e9changes commerciaux ext\u00e9rieurs que dans la protection des int\u00e9r\u00eats nationaux par la lutte contre la contrebande et la criminalit\u00e9 transfrontali\u00e8re.<\/p>\n<p>Il a \u00e9galement mis en exergue que ce projet \u00e9tablit un parcours professionnel transparent et motivant, de l\u2019engagement jusqu\u2019\u00e0 la retraite. Il pr\u00e9voit notamment la r\u00e9organisation des  diff\u00e9rents corps, l\u2019unification des carri\u00e8res administrative et militaire, l\u2019obligation de formation continue pour l&#8217;avancement, ainsi que la cr\u00e9ation de nouveaux grades, dont celui des inspecteurs centraux, accessible par concours professionnel interne.<\/p>\n<p>R\u00e9agissant aux interventions des d\u00e9put\u00e9s, le ministre a indiqu\u00e9 que le projet de statut met en place des m\u00e9canismes clairs pour renforcer la transparence et la discipline professionnelle, notamment par l\u2019instauration de conseils permanents de discipline et de contr\u00f4le. Il a \u00e9galement pr\u00e9cis\u00e9 que le texte introduit des incitations professionnelles rigoureusement \u00e9tudi\u00e9es afin de pr\u00e9munir les agents contre les tentations financi\u00e8res et de garantir l\u2019int\u00e9grit\u00e9 dans l\u2019ex\u00e9cution des missions douani\u00e8res.<\/p>\n<p>Il a par ailleurs assur\u00e9 que les droits des agents actuellement en fonction seront pleinement pr\u00e9serv\u00e9s : ceux-ci seront reclass\u00e9s directement dans leurs nouvelles cat\u00e9gories tout en conservant l\u2019ensemble des avantages garantis par la l\u00e9gislation en vigueur. Il a r\u00e9affirm\u00e9 l\u2019engagement du minist\u00e8re \u00e0 poursuivre les r\u00e9formes destin\u00e9es \u00e0 renforcer les capacit\u00e9s des douanes et \u00e0 assurer leur adaptation aux exigences contemporaines, tout en consolidant la place strat\u00e9gique de ce secteur.<\/p>\n<p>\u00c0 l\u2019issue des d\u00e9bats, l&#8217;Assembl\u00e9e nationale a adopt\u00e9 \u00e0 la majorit\u00e9 le projet de loi n\u00b0 25-017 relatif au statut du personnel des douanes, marquant ainsi une nouvelle \u00e9tape vers la professionnalisation du secteur et le renforcement de son r\u00f4le cl\u00e9 dans l\u2019\u00e9conomie nationale et la pr\u00e9servation de la s\u00e9curit\u00e9 nationale.<\/p>\n","protected":false},"excerpt":{"rendered":"<p>Son Excellence le ministre de l\u2019\u00c9conomie et des Finances, M. Sid&#8217;Ahmed Ould Bouh, a affirm\u00e9 que le nouveau projet de statut du personnel des douanes \u00ab consacre une carri\u00e8re professionnelle motivante et structur\u00e9e, garantissant les droits des individus, renfor\u00e7ant l&#8217;efficacit\u00e9 op\u00e9rationnelle et prot\u00e9geant les int\u00e9r\u00eats \u00e9conomiques et s\u00e9curitaires du pays\u00bb. Lors de la pr\u00e9sentation du &hellip;<\/p>\n","protected":false},"author":2,"featured_media":15309,"comment_status":"open","ping_status":"open","sticky":false,"template":"","format":"standard","meta":{"footnotes":""},"categories":[18,2],"tags":[],"class_list":["post-15308","post","type-post","status-publish","format-standard","has-post-thumbnail","hentry","category-actualites","category-economie"],"_links":{"self":[{"href":"https:\/\/ladepeche.mr\/index.php?rest_route=\/wp\/v2\/posts\/15308","targetHints":{"allow":["GET"]}}],"collection":[{"href":"https:\/\/ladepeche.mr\/index.php?rest_route=\/wp\/v2\/posts"}],"about":[{"href":"https:\/\/ladepeche.mr\/index.php?rest_route=\/wp\/v2\/types\/post"}],"author":[{"embeddable":true,"href":"https:\/\/ladepeche.mr\/index.php?rest_route=\/wp\/v2\/users\/2"}],"replies":[{"embeddable":true,"href":"https:\/\/ladepeche.mr\/index.php?rest_route=%2Fwp%2Fv2%2Fcomments&post=15308"}],"version-history":[{"count":2,"href":"https:\/\/ladepeche.mr\/index.php?rest_route=\/wp\/v2\/posts\/15308\/revisions"}],"predecessor-version":[{"id":15388,"href":"https:\/\/ladepeche.mr\/index.php?rest_route=\/wp\/v2\/posts\/15308\/revisions\/15388"}],"wp:featuredmedia":[{"embeddable":true,"href":"https:\/\/ladepeche.mr\/index.php?rest_route=\/wp\/v2\/media\/15309"}],"wp:attachment":[{"href":"https:\/\/ladepeche.mr\/index.php?rest_route=%2Fwp%2Fv2%2Fmedia&parent=15308"}],"wp:term":[{"taxonomy":"category","embeddable":true,"href":"https:\/\/ladepeche.mr\/index.php?rest_route=%2Fwp%2Fv2%2Fcategories&post=15308"},{"taxonomy":"post_tag","embeddable":true,"href":"https:\/\/ladepeche.mr\/index.php?rest_route=%2Fwp%2Fv2%2Ftags&post=15308"}],"curies":[{"name":"wp","href":"https:\/\/api.w.org\/{rel}","templated":true}]}}