{"id":15311,"date":"2025-04-29T09:31:29","date_gmt":"2025-04-29T09:31:29","guid":{"rendered":"https:\/\/ladepeche.mr\/?p=15311"},"modified":"2025-04-29T09:31:29","modified_gmt":"2025-04-29T09:31:29","slug":"apres-100-jours-les-americains-nen-peuvent-deja-plus-de-trump","status":"publish","type":"post","link":"https:\/\/ladepeche.mr\/?p=15311","title":{"rendered":"Apr\u00e8s 100 jours, les Am\u00e9ricains n&#8217;en peuvent d\u00e9j\u00e0 plus de Trump"},"content":{"rendered":"<p>Alors que Donald Trump approche des 100 jours de pr\u00e9sidence, un nouveau sondage r\u00e9v\u00e8le que sa cote de popularit\u00e9 a chut\u00e9 \u00e0 des niveaux historiquement bas.<\/p>\n<p>Selon un sondage r\u00e9alis\u00e9 par SSRS pour CNN, seulement 41% des Am\u00e9ricains approuvent les performances du pr\u00e9sident, \u00e9galant les faibles cotes jadis enregistr\u00e9es par Dwight Eisenhower.<\/p>\n<p>Seulement 22% des personnes interrog\u00e9es estiment que Trump fait du bon travail, tandis que 45% jugent ses premiers 100 jours insuffisants.<\/p>\n<p>En mars, sa cote de popularit\u00e9 avait d\u00e9j\u00e0 pris un coup apr\u00e8s l&#8217;introduction de tarifs douaniers mondiaux, qui ont gravement perturb\u00e9 les march\u00e9s financiers.<\/p>\n<p>Une baisse au niveau international<\/p>\n<p>Apr\u00e8s avoir fait des efforts significatifs pour remodeler le gouvernement f\u00e9d\u00e9ral, le pr\u00e9sident am\u00e9ricain commence \u00e9galement \u00e0 perdre la confiance du public concernant sa gestion des op\u00e9rations du gouvernement \u2013 seulement 42% approuvent sa gestion, soit une baisse de 6 points depuis mars. De plus, seuls 46% lui font confiance pour nommer les meilleures personnes \u00e0 des postes cl\u00e9s, une baisse de 8 points depuis d\u00e9cembre.<\/p>\n<p>\u00c0 l&#8217;international, la cote d&#8217;approbation du pr\u00e9sident est \u00e9galement en baisse, avec moins de r\u00e9pondants exprimant leur confiance dans son leadership mondial.<\/p>\n<p>(Manon Pierre avec QG &#8211; Source : CNN \u2014 Image : \u00a9 Pixabay) via msn.com<\/p>\n","protected":false},"excerpt":{"rendered":"<p>Alors que Donald Trump approche des 100 jours de pr\u00e9sidence, un nouveau sondage r\u00e9v\u00e8le que sa cote de popularit\u00e9 a chut\u00e9 \u00e0 des niveaux historiquement bas. Selon un sondage r\u00e9alis\u00e9 par SSRS pour CNN, seulement 41% des Am\u00e9ricains approuvent les performances du pr\u00e9sident, \u00e9galant les faibles cotes jadis enregistr\u00e9es par Dwight Eisenhower. Seulement 22% des &hellip;<\/p>\n","protected":false},"author":2,"featured_media":15312,"comment_status":"open","ping_status":"open","sticky":false,"template":"","format":"standard","meta":{"footnotes":""},"categories":[18,29],"tags":[],"class_list":["post-15311","post","type-post","status-publish","format-standard","has-post-thumbnail","hentry","category-actualites","category-monde"],"_links":{"self":[{"href":"https:\/\/ladepeche.mr\/index.php?rest_route=\/wp\/v2\/posts\/15311","targetHints":{"allow":["GET"]}}],"collection":[{"href":"https:\/\/ladepeche.mr\/index.php?rest_route=\/wp\/v2\/posts"}],"about":[{"href":"https:\/\/ladepeche.mr\/index.php?rest_route=\/wp\/v2\/types\/post"}],"author":[{"embeddable":true,"href":"https:\/\/ladepeche.mr\/index.php?rest_route=\/wp\/v2\/users\/2"}],"replies":[{"embeddable":true,"href":"https:\/\/ladepeche.mr\/index.php?rest_route=%2Fwp%2Fv2%2Fcomments&post=15311"}],"version-history":[{"count":1,"href":"https:\/\/ladepeche.mr\/index.php?rest_route=\/wp\/v2\/posts\/15311\/revisions"}],"predecessor-version":[{"id":15313,"href":"https:\/\/ladepeche.mr\/index.php?rest_route=\/wp\/v2\/posts\/15311\/revisions\/15313"}],"wp:featuredmedia":[{"embeddable":true,"href":"https:\/\/ladepeche.mr\/index.php?rest_route=\/wp\/v2\/media\/15312"}],"wp:attachment":[{"href":"https:\/\/ladepeche.mr\/index.php?rest_route=%2Fwp%2Fv2%2Fmedia&parent=15311"}],"wp:term":[{"taxonomy":"category","embeddable":true,"href":"https:\/\/ladepeche.mr\/index.php?rest_route=%2Fwp%2Fv2%2Fcategories&post=15311"},{"taxonomy":"post_tag","embeddable":true,"href":"https:\/\/ladepeche.mr\/index.php?rest_route=%2Fwp%2Fv2%2Ftags&post=15311"}],"curies":[{"name":"wp","href":"https:\/\/api.w.org\/{rel}","templated":true}]}}