{"id":15314,"date":"2025-04-29T10:33:17","date_gmt":"2025-04-29T10:33:17","guid":{"rendered":"https:\/\/ladepeche.mr\/?p=15314"},"modified":"2025-04-29T09:36:47","modified_gmt":"2025-04-29T09:36:47","slug":"monde-la-cour-penale-internationale-maintient-les-mandats-darret-contre-netanyahu-et-gallant","status":"publish","type":"post","link":"https:\/\/ladepeche.mr\/?p=15314","title":{"rendered":"Monde: La Cour p\u00e9nale internationale maintient les mandats d\u2019arr\u00eat contre Netanyahu et Gallant"},"content":{"rendered":"<p>La Chambre d\u2019appel de la Cour p\u00e9nale internationale (CPI) a rejet\u00e9, jeudi 24 avril 2025, la demande d\u2019Isra\u00ebl visant \u00e0 annuler ou suspendre les mandats d\u2019arr\u00eat \u00e9mis contre le Premier ministre isra\u00e9lien Benjamin Netanyahu et son ancien ministre de la D\u00e9fense Yoav Gallant.\u200b<\/p>\n<p>Dans un communiqu\u00e9 officiel publi\u00e9 sur son site officiel, la CPI a pr\u00e9cis\u00e9 que la question de la comp\u00e9tence de la Cour sur les crimes commis sur le territoire de l\u2019Autorit\u00e9 palestinienne est recevable, soulignant que le territoire n\u2019\u00e9tant pas un \u00c9tat et la souverainet\u00e9 y \u00e9tant suspendue, la Cour peut poursuivre les accus\u00e9s isra\u00e9liens pour les crimes commis \u00e0 Gaza et en Cisjordanie.<\/p>\n","protected":false},"excerpt":{"rendered":"<p>La Chambre d\u2019appel de la Cour p\u00e9nale internationale (CPI) a rejet\u00e9, jeudi 24 avril 2025, la demande d\u2019Isra\u00ebl visant \u00e0 annuler ou suspendre les mandats d\u2019arr\u00eat \u00e9mis contre le Premier ministre isra\u00e9lien Benjamin Netanyahu et son ancien ministre de la D\u00e9fense Yoav Gallant.\u200b Dans un communiqu\u00e9 officiel publi\u00e9 sur son site officiel, la CPI a &hellip;<\/p>\n","protected":false},"author":2,"featured_media":11003,"comment_status":"open","ping_status":"open","sticky":false,"template":"","format":"standard","meta":{"footnotes":""},"categories":[18,29],"tags":[],"class_list":["post-15314","post","type-post","status-publish","format-standard","has-post-thumbnail","hentry","category-actualites","category-monde"],"_links":{"self":[{"href":"https:\/\/ladepeche.mr\/index.php?rest_route=\/wp\/v2\/posts\/15314","targetHints":{"allow":["GET"]}}],"collection":[{"href":"https:\/\/ladepeche.mr\/index.php?rest_route=\/wp\/v2\/posts"}],"about":[{"href":"https:\/\/ladepeche.mr\/index.php?rest_route=\/wp\/v2\/types\/post"}],"author":[{"embeddable":true,"href":"https:\/\/ladepeche.mr\/index.php?rest_route=\/wp\/v2\/users\/2"}],"replies":[{"embeddable":true,"href":"https:\/\/ladepeche.mr\/index.php?rest_route=%2Fwp%2Fv2%2Fcomments&post=15314"}],"version-history":[{"count":2,"href":"https:\/\/ladepeche.mr\/index.php?rest_route=\/wp\/v2\/posts\/15314\/revisions"}],"predecessor-version":[{"id":15316,"href":"https:\/\/ladepeche.mr\/index.php?rest_route=\/wp\/v2\/posts\/15314\/revisions\/15316"}],"wp:featuredmedia":[{"embeddable":true,"href":"https:\/\/ladepeche.mr\/index.php?rest_route=\/wp\/v2\/media\/11003"}],"wp:attachment":[{"href":"https:\/\/ladepeche.mr\/index.php?rest_route=%2Fwp%2Fv2%2Fmedia&parent=15314"}],"wp:term":[{"taxonomy":"category","embeddable":true,"href":"https:\/\/ladepeche.mr\/index.php?rest_route=%2Fwp%2Fv2%2Fcategories&post=15314"},{"taxonomy":"post_tag","embeddable":true,"href":"https:\/\/ladepeche.mr\/index.php?rest_route=%2Fwp%2Fv2%2Ftags&post=15314"}],"curies":[{"name":"wp","href":"https:\/\/api.w.org\/{rel}","templated":true}]}}