{"id":15323,"date":"2025-04-29T13:30:15","date_gmt":"2025-04-29T13:30:15","guid":{"rendered":"https:\/\/ladepeche.mr\/?p=15323"},"modified":"2025-04-29T10:58:06","modified_gmt":"2025-04-29T10:58:06","slug":"senegal-levee-de-limmunite-parlementaire-de-moustapha-diop-et-salimata-diop-mise-en-place-des-commissions-ad-hoc","status":"publish","type":"post","link":"https:\/\/ladepeche.mr\/?p=15323","title":{"rendered":"S\u00e9n\u00e9gal- Lev\u00e9e de l\u2019immunit\u00e9 parlementaire de Moustapha Diop et Salimata Diop : Mise en place des commissions ad hoc"},"content":{"rendered":"<p>Les commissions ad hoc charg\u00e9es de statuer sur la demande de lev\u00e9e de l\u2019immunit\u00e9 parlementaire des d\u00e9put\u00e9s Moustapha Diop et Salimata Diop ont \u00e9t\u00e9 constitu\u00e9es ce lundi .<\/p>\n<p>Au nombre de onze (11) dont neuf ( 09) membres du groupe parlementaire Pastef-les Patriotes, un ( 01) du groupe parlementaire Takku-Wallu et un membre repr\u00e9sentant les Non-inscrits .<\/p>\n<p>Il s\u2019agit respectivement de Mouhamed Ayib Salim Daff\u00e9 ,Abdoulaye Tall ,Ansoumana Sarr ,Youngare Dione ,Marie Ange Mame Selb\u00e9 Diouf ,Ndeye Marie San\u00e9, Sokhna Diarra Thiao , Mayabe Mbaye ,Safietou Sow ,Djimo Soumar\u00e9, Moussa Hamadou Sarr. Moustapha Diop et Salimata Diop sont cit\u00e9s dans l\u2019affaire dite \u201cForce Covid-19\u201d<\/p>\n<p>Provided by SyndiGate Media Inc. via msn.com<\/p>\n","protected":false},"excerpt":{"rendered":"<p>Les commissions ad hoc charg\u00e9es de statuer sur la demande de lev\u00e9e de l\u2019immunit\u00e9 parlementaire des d\u00e9put\u00e9s Moustapha Diop et Salimata Diop ont \u00e9t\u00e9 constitu\u00e9es ce lundi . Au nombre de onze (11) dont neuf ( 09) membres du groupe parlementaire Pastef-les Patriotes, un ( 01) du groupe parlementaire Takku-Wallu et un membre repr\u00e9sentant les &hellip;<\/p>\n","protected":false},"author":2,"featured_media":15324,"comment_status":"open","ping_status":"open","sticky":false,"template":"","format":"standard","meta":{"footnotes":""},"categories":[18,29],"tags":[],"class_list":["post-15323","post","type-post","status-publish","format-standard","has-post-thumbnail","hentry","category-actualites","category-monde"],"_links":{"self":[{"href":"https:\/\/ladepeche.mr\/index.php?rest_route=\/wp\/v2\/posts\/15323","targetHints":{"allow":["GET"]}}],"collection":[{"href":"https:\/\/ladepeche.mr\/index.php?rest_route=\/wp\/v2\/posts"}],"about":[{"href":"https:\/\/ladepeche.mr\/index.php?rest_route=\/wp\/v2\/types\/post"}],"author":[{"embeddable":true,"href":"https:\/\/ladepeche.mr\/index.php?rest_route=\/wp\/v2\/users\/2"}],"replies":[{"embeddable":true,"href":"https:\/\/ladepeche.mr\/index.php?rest_route=%2Fwp%2Fv2%2Fcomments&post=15323"}],"version-history":[{"count":1,"href":"https:\/\/ladepeche.mr\/index.php?rest_route=\/wp\/v2\/posts\/15323\/revisions"}],"predecessor-version":[{"id":15325,"href":"https:\/\/ladepeche.mr\/index.php?rest_route=\/wp\/v2\/posts\/15323\/revisions\/15325"}],"wp:featuredmedia":[{"embeddable":true,"href":"https:\/\/ladepeche.mr\/index.php?rest_route=\/wp\/v2\/media\/15324"}],"wp:attachment":[{"href":"https:\/\/ladepeche.mr\/index.php?rest_route=%2Fwp%2Fv2%2Fmedia&parent=15323"}],"wp:term":[{"taxonomy":"category","embeddable":true,"href":"https:\/\/ladepeche.mr\/index.php?rest_route=%2Fwp%2Fv2%2Fcategories&post=15323"},{"taxonomy":"post_tag","embeddable":true,"href":"https:\/\/ladepeche.mr\/index.php?rest_route=%2Fwp%2Fv2%2Ftags&post=15323"}],"curies":[{"name":"wp","href":"https:\/\/api.w.org\/{rel}","templated":true}]}}