{"id":15326,"date":"2025-04-29T12:45:41","date_gmt":"2025-04-29T12:45:41","guid":{"rendered":"https:\/\/ladepeche.mr\/?p=15326"},"modified":"2025-04-29T12:52:48","modified_gmt":"2025-04-29T12:52:48","slug":"15326","status":"publish","type":"post","link":"https:\/\/ladepeche.mr\/?p=15326","title":{"rendered":"SM le Roi Mohammed VI re\u00e7oit les ministres des Affaires \u00e9trang\u00e8res des trois pays de l&#8217;Alliance des \u00c9tats du Sahel"},"content":{"rendered":"<p>Sa Majest\u00e9 le Roi Mohammed VI a re\u00e7u en audience, lundi au Palais Royal de Rabat, les ministres des Affaires \u00e9trang\u00e8res des trois pays de l&#8217;Alliance des \u00c9tats du Sahel, M. Karamoko Jean Marie Traore, ministre des Affaires \u00e9trang\u00e8res, de la Coop\u00e9ration r\u00e9gionale et des Burkinab\u00e8 de l&#8217;Ext\u00e9rieur du Burkina Faso, M. Abdoulaye Diop, ministre des Affaires \u00e9trang\u00e8res et de la Coop\u00e9ration internationale de la R\u00e9publique du Mali, et M. Bakary Yaou Sangare, ministre des Affaires \u00e9trang\u00e8res, de la Coop\u00e9ration et des Nig\u00e9riens \u00e0 l&#8217;Ext\u00e9rieur du Gouvernement de Transition de la R\u00e9publique du Niger.<\/p>\n<p>Cette Audience s&#8217;inscrit dans le cadre des relations fortes et anciennes du Royaume avec les trois pays fr\u00e8res de l&#8217;Alliance des \u00c9tats du Sahel, qui ont toujours \u00e9t\u00e9 frapp\u00e9es du sceau de l&#8217;amiti\u00e9 sinc\u00e8re, du respect mutuel, de la solidarit\u00e9 agissante et de la coop\u00e9ration fructueuse.<\/p>\n<p>Au cours de cette Audience Royale, les ministres des Affaires \u00e9trang\u00e8res de l&#8217;Alliance ont transmis au monarque marocain la gratitude de leurs Chefs d&#8217;Etat pour l&#8217;int\u00e9r\u00eat constant accord\u00e9 \u00e0 la r\u00e9gion du Sahel, ainsi que pour les actions et initiatives Royales en faveur du d\u00e9veloppement \u00e9conomique et social des pays de la r\u00e9gion et de leurs populations.<\/p>\n<p>Les ministres ont tout particuli\u00e8rement salu\u00e9 l&#8217;Initiative Royale pour favoriser l&#8217;acc\u00e8s des pays du Sahel \u00e0 l&#8217;Atlantique, en r\u00e9affirmant leur adh\u00e9sion totale et leur engagement pour acc\u00e9l\u00e9rer sa mise en \u0153uvre.<\/p>\n<p>Les trois ministres ont par ailleurs pr\u00e9sent\u00e9 au Souverain l&#8217;\u00e9tat d&#8217;avancement institutionnel et op\u00e9rationnel de l&#8217;Alliance des \u00c9tats du Sahel, cr\u00e9\u00e9e comme cadre d&#8217;int\u00e9gration et de coordination entre ses trois pays membres.<br \/>\n(avec m\u00e9dias)<\/p>\n","protected":false},"excerpt":{"rendered":"<p>Sa Majest\u00e9 le Roi Mohammed VI a re\u00e7u en audience, lundi au Palais Royal de Rabat, les ministres des Affaires \u00e9trang\u00e8res des trois pays de l&#8217;Alliance des \u00c9tats du Sahel, M. Karamoko Jean Marie Traore, ministre des Affaires \u00e9trang\u00e8res, de la Coop\u00e9ration r\u00e9gionale et des Burkinab\u00e8 de l&#8217;Ext\u00e9rieur du Burkina Faso, M. Abdoulaye Diop, ministre &hellip;<\/p>\n","protected":false},"author":2,"featured_media":15327,"comment_status":"open","ping_status":"open","sticky":false,"template":"","format":"standard","meta":{"footnotes":""},"categories":[18,29],"tags":[],"class_list":["post-15326","post","type-post","status-publish","format-standard","has-post-thumbnail","hentry","category-actualites","category-monde"],"_links":{"self":[{"href":"https:\/\/ladepeche.mr\/index.php?rest_route=\/wp\/v2\/posts\/15326","targetHints":{"allow":["GET"]}}],"collection":[{"href":"https:\/\/ladepeche.mr\/index.php?rest_route=\/wp\/v2\/posts"}],"about":[{"href":"https:\/\/ladepeche.mr\/index.php?rest_route=\/wp\/v2\/types\/post"}],"author":[{"embeddable":true,"href":"https:\/\/ladepeche.mr\/index.php?rest_route=\/wp\/v2\/users\/2"}],"replies":[{"embeddable":true,"href":"https:\/\/ladepeche.mr\/index.php?rest_route=%2Fwp%2Fv2%2Fcomments&post=15326"}],"version-history":[{"count":4,"href":"https:\/\/ladepeche.mr\/index.php?rest_route=\/wp\/v2\/posts\/15326\/revisions"}],"predecessor-version":[{"id":15331,"href":"https:\/\/ladepeche.mr\/index.php?rest_route=\/wp\/v2\/posts\/15326\/revisions\/15331"}],"wp:featuredmedia":[{"embeddable":true,"href":"https:\/\/ladepeche.mr\/index.php?rest_route=\/wp\/v2\/media\/15327"}],"wp:attachment":[{"href":"https:\/\/ladepeche.mr\/index.php?rest_route=%2Fwp%2Fv2%2Fmedia&parent=15326"}],"wp:term":[{"taxonomy":"category","embeddable":true,"href":"https:\/\/ladepeche.mr\/index.php?rest_route=%2Fwp%2Fv2%2Fcategories&post=15326"},{"taxonomy":"post_tag","embeddable":true,"href":"https:\/\/ladepeche.mr\/index.php?rest_route=%2Fwp%2Fv2%2Ftags&post=15326"}],"curies":[{"name":"wp","href":"https:\/\/api.w.org\/{rel}","templated":true}]}}