{"id":15339,"date":"2025-04-29T16:10:07","date_gmt":"2025-04-29T16:10:07","guid":{"rendered":"https:\/\/ladepeche.mr\/?p=15339"},"modified":"2025-04-29T16:10:07","modified_gmt":"2025-04-29T16:10:07","slug":"reunion-a-nouakchott-pour-renforcer-la-cooperation-et-appuyer-les-reformes-entre-la-mauritanie-et-le-fmi","status":"publish","type":"post","link":"https:\/\/ladepeche.mr\/?p=15339","title":{"rendered":"R\u00e9union \u00e0 Nouakchott pour renforcer la coop\u00e9ration et appuyer les r\u00e9formes entre la Mauritanie et le FMI"},"content":{"rendered":"<p>Son Excellence le ministre de l\u2019\u00c9conomie et des Finances, M. Sid&#8217; Ahmed Ould Bouh, accompagn\u00e9 du ministre d\u00e9l\u00e9gu\u00e9, charg\u00e9 du Budget, M. Codioro Moussa N\u2019Guenore, a tenu mardi \u00e0 Nouakchott une r\u00e9union avec une mission du Fonds mon\u00e9taire international (FMI), conduite par M. Felix Fischer, et ce, dans le cadre de la quatri\u00e8me revue p\u00e9riodique du programme de coop\u00e9ration \u00e9conomique et financi\u00e8re entre la Mauritanie et cette institution internationale.<\/p>\n<p>Les \u00e9changes ont port\u00e9 sur les diff\u00e9rents volets de la coop\u00e9ration en cours et les moyens de leur renforcement au service des efforts de d\u00e9veloppement \u00e9conomique global d\u00e9ploy\u00e9s par le gouvernement mauritanien. Les discussions ont notamment permis de passer en revue les \u00e9volutions \u00e9conomiques r\u00e9centes dans le pays, les d\u00e9fis structurels, les priorit\u00e9s en mati\u00e8re de r\u00e9formes budg\u00e9taires et mon\u00e9taires, ainsi que les voies \u00e0 privil\u00e9gier pour consolider la stabilit\u00e9 \u00e9conomique et stimuler une croissance inclusive et durable. L\u2019\u00e9tat d\u2019avancement du programme de r\u00e9formes engag\u00e9 par le gouvernement a \u00e9galement \u00e9t\u00e9 abord\u00e9.<\/p>\n<p>La r\u00e9union s\u2019inscrit par ailleurs dans le cadre d\u2019un partenariat renouvel\u00e9 entre la Mauritanie et le FMI, marqu\u00e9 ces derni\u00e8res ann\u00e9es par une coop\u00e9ration technique \u00e9largie \u00e0 plusieurs secteurs cl\u00e9s : appui \u00e0 la r\u00e9forme des finances publiques \u00e0 travers la modernisation de la gestion budg\u00e9taire et le renforcement de la transparence financi\u00e8re, am\u00e9lioration de la ma\u00eetrise de la dette publique, perfectionnement du cadre de lutte contre le blanchiment de capitaux et le financement du terrorisme, ainsi qu\u2019accompagnement de la mise en \u0153uvre des r\u00e9formes fiscales visant \u00e0 \u00e9largir l\u2019assiette fiscale et \u00e0 renforcer les ressources propres de l\u2019\u00c9tat. Le FMI a \u00e9galement assur\u00e9 des formations intensives au profit des cadres \u00e9conomiques et financiers mauritaniens, en particulier dans les domaines de la planification macro\u00e9conomique et de l\u2019analyse des risques.<\/p>\n<p>Les directeurs g\u00e9n\u00e9raux du minist\u00e8re de l\u2019\u00c9conomie et des Finances ont pris part \u00e0 la r\u00e9union et dress\u00e9 l&#8217;\u00e9tat des lieux des projets en cours et les priorit\u00e9s \u00e0 venir, permettant \u00e0 la d\u00e9l\u00e9gation du FMI d\u2019appr\u00e9cier les progr\u00e8s r\u00e9alis\u00e9s dans la mise en \u0153uvre des r\u00e9formes  et des programmes de d\u00e9veloppement nationaux.<br \/>\nSource MEF<\/p>\n","protected":false},"excerpt":{"rendered":"<p>Son Excellence le ministre de l\u2019\u00c9conomie et des Finances, M. Sid&#8217; Ahmed Ould Bouh, accompagn\u00e9 du ministre d\u00e9l\u00e9gu\u00e9, charg\u00e9 du Budget, M. Codioro Moussa N\u2019Guenore, a tenu mardi \u00e0 Nouakchott une r\u00e9union avec une mission du Fonds mon\u00e9taire international (FMI), conduite par M. Felix Fischer, et ce, dans le cadre de la quatri\u00e8me revue p\u00e9riodique &hellip;<\/p>\n","protected":false},"author":2,"featured_media":15337,"comment_status":"open","ping_status":"open","sticky":false,"template":"","format":"standard","meta":{"footnotes":""},"categories":[18,2],"tags":[],"class_list":["post-15339","post","type-post","status-publish","format-standard","has-post-thumbnail","hentry","category-actualites","category-economie"],"_links":{"self":[{"href":"https:\/\/ladepeche.mr\/index.php?rest_route=\/wp\/v2\/posts\/15339","targetHints":{"allow":["GET"]}}],"collection":[{"href":"https:\/\/ladepeche.mr\/index.php?rest_route=\/wp\/v2\/posts"}],"about":[{"href":"https:\/\/ladepeche.mr\/index.php?rest_route=\/wp\/v2\/types\/post"}],"author":[{"embeddable":true,"href":"https:\/\/ladepeche.mr\/index.php?rest_route=\/wp\/v2\/users\/2"}],"replies":[{"embeddable":true,"href":"https:\/\/ladepeche.mr\/index.php?rest_route=%2Fwp%2Fv2%2Fcomments&post=15339"}],"version-history":[{"count":1,"href":"https:\/\/ladepeche.mr\/index.php?rest_route=\/wp\/v2\/posts\/15339\/revisions"}],"predecessor-version":[{"id":15340,"href":"https:\/\/ladepeche.mr\/index.php?rest_route=\/wp\/v2\/posts\/15339\/revisions\/15340"}],"wp:featuredmedia":[{"embeddable":true,"href":"https:\/\/ladepeche.mr\/index.php?rest_route=\/wp\/v2\/media\/15337"}],"wp:attachment":[{"href":"https:\/\/ladepeche.mr\/index.php?rest_route=%2Fwp%2Fv2%2Fmedia&parent=15339"}],"wp:term":[{"taxonomy":"category","embeddable":true,"href":"https:\/\/ladepeche.mr\/index.php?rest_route=%2Fwp%2Fv2%2Fcategories&post=15339"},{"taxonomy":"post_tag","embeddable":true,"href":"https:\/\/ladepeche.mr\/index.php?rest_route=%2Fwp%2Fv2%2Ftags&post=15339"}],"curies":[{"name":"wp","href":"https:\/\/api.w.org\/{rel}","templated":true}]}}