{"id":15341,"date":"2025-04-30T08:41:11","date_gmt":"2025-04-30T08:41:11","guid":{"rendered":"https:\/\/ladepeche.mr\/?p=15341"},"modified":"2025-04-30T08:41:11","modified_gmt":"2025-04-30T08:41:11","slug":"canada-vainqueur-des-legislatives-le-liberal-mark-carney-se-pose-en-rempart-contre-trump","status":"publish","type":"post","link":"https:\/\/ladepeche.mr\/?p=15341","title":{"rendered":"Canada : vainqueur des l\u00e9gislatives, le lib\u00e9ral Mark Carney se pose en rempart contre Trump"},"content":{"rendered":"<p>Le parti lib\u00e9ral du Premier ministre Mark Carney, qui a fait campagne sur la menace repr\u00e9sent\u00e9e par Donald Trump pour le Canada, a remport\u00e9 mardi les \u00e9lections l\u00e9gislatives. Lors de son discours de victoire, cet \u00e9conomiste reconnu mais novice en politique a promis de ne jamais oublier la &#8220;trahison&#8221; am\u00e9ricaine.<br \/>\nApr\u00e8s une campagne centr\u00e9e sur les menaces de Donald Trump contre le Canada, les \u00e9lecteurs ont choisi. Le lib\u00e9ral Mark Carney a remport\u00e9, mardi 29 avril, les \u00e9lections l\u00e9gislatives, promettant de triompher des \u00c9tats-Unis dans la guerre commerciale lanc\u00e9e par le pr\u00e9sident am\u00e9ricain et de ne jamais oublier la &#8220;trahison&#8221; am\u00e9ricaine.<\/p>\n<p>Les lib\u00e9raux pourraient toutefois \u00e9chouer de peu \u00e0 obtenir une majorit\u00e9 au Parlement et donc \u00eatre contraints de gouverner avec l&#8217;appui d&#8217;un autre parti. Le d\u00e9pouillement \u00e9tait encore en cours dans certaines r\u00e9gions.<\/p>\n<p>Il y a quelques mois encore, la voie semblait toute trac\u00e9e pour permettre aux conservateurs canadiens emmen\u00e9s par Pierre Poilievre de revenir aux affaires, apr\u00e8s dix ans de pouvoir de Justin Trudeau. <\/p>\n<p>Mais le retour de Donald Trump \u00e0 la Maison Blanche et son offensive in\u00e9dite contre le Canada, \u00e0 coups de droits de douane et de menaces d&#8217;annexion, ont chang\u00e9 la donne.<\/p>\n<p>Devant ses partisans dans la nuit de lundi \u00e0 mardi, Mark Carney a estim\u00e9 que l'&#8221;ancienne relation avec les \u00c9tats-Unis \u00e9tait termin\u00e9e&#8221;.<\/p>\n<p>Le &#8220;pr\u00e9sident Trump tente de nous briser pour nous poss\u00e9der&#8221;, a-t-il ajout\u00e9, appelant le pays \u00e0 l&#8217;unit\u00e9 pour les &#8220;difficiles mois \u00e0 venir qui exigeront des sacrifices&#8221;.<\/p>\n<p>Dans un discours reconnaissant sa d\u00e9faite, son principal opposant, Pierre Poilievre, a promis de travailler avec Mark Carney et de placer l&#8217;int\u00e9r\u00eat du pays avant les luttes partisanes face aux &#8220;menaces irresponsables&#8221; du pr\u00e9sident am\u00e9ricain.<\/p>\n<p>Pour le ministre de la Culture Steven Guilbeault, &#8220;les nombreuses attaques du pr\u00e9sident Trump sur l&#8217;\u00e9conomie canadienne, mais aussi sur notre souverainet\u00e9 et notre identit\u00e9 m\u00eame, ont vraiment mobilis\u00e9 les Canadiens&#8221;, a-t-il d\u00e9clar\u00e9 sur la chaine publique CBC.<\/p>\n<p>Et les \u00e9lecteurs &#8220;ont vu que le Premier ministre Carney avait de l&#8217;exp\u00e9rience sur la sc\u00e8ne mondiale&#8221;.<\/p>\n<p>Dans les longues files devant les bureaux de vote toute la journ\u00e9e, les \u00e9lecteurs ont soulign\u00e9 l&#8217;importance de ce scrutin, parlant d&#8217;\u00e9lections historiques et d\u00e9terminantes pour l&#8217;avenir de ce pays de 41 millions d&#8217;habitants.<\/p>\n<p>Les liens Europe-Canada &#8220;se renforcent&#8221;<br \/>\n\u00c0 60 ans, Mark Carney, novice en politique mais \u00e9conomiste reconnu, a su convaincre une population inqui\u00e8te pour l&#8217;avenir \u00e9conomique et la souverainet\u00e9 du pays qu&#8217;il \u00e9tait la bonne personne pour piloter le Canada en ces temps troubl\u00e9s.<\/p>\n<p>Cet ancien gouverneur de la banque du Canada et de Grande-Bretagne n&#8217;a cess\u00e9 de rappeler pendant la campagne que la menace am\u00e9ricaine est r\u00e9elle pour le Canada.<\/p>\n<p>&#8220;Le chaos est entr\u00e9 dans nos vies. C&#8217;est une trag\u00e9die, mais c&#8217;est aussi une r\u00e9alit\u00e9. La question cl\u00e9 de cette \u00e9lection est de savoir qui est le mieux plac\u00e9 pour s&#8217;opposer au pr\u00e9sident Trump&#8221;, a-t-il expliqu\u00e9 pendant la campagne.<\/p>\n<p>Pour faire face, il a promis de maintenir des droits de douane sur les produits am\u00e9ricains tant que les mesures de Washington seraient en place.<\/p>\n<p>Les deux hommes doivent se rencontrer &#8220;en personne dans un avenir proche&#8221;, selon un communiqu\u00e9 de Mark Carney, qui a pr\u00e9cis\u00e9 avoir \u00e9t\u00e9 f\u00e9licit\u00e9 par Trump pour sa r\u00e9cente \u00e9lection.   <\/p>\n<p>Il devra aussi d\u00e9velopper le commerce au sein de son pays en levant les barri\u00e8res douani\u00e8res entre provinces et de chercher de nouveaux d\u00e9bouch\u00e9s, notamment en Europe.<\/p>\n<p>Les liens Europe-Canada &#8220;sont forts et se renforcent&#8221;, a d&#8217;ailleurs d\u00e9clar\u00e9 mardi matin la pr\u00e9sidente de la Commission europ\u00e9enne Ursula von der Leyen, f\u00e9licitant Mark Carney de sa victoire.<\/p>\n<p>Pour afficher ce contenu X (Twitter), il est n\u00e9cessaire d&#8217;autoriser les cookies de mesure d&#8217;audience et de publicit\u00e9.<\/p>\n<p>\u00c0 Londres, le Premier ministre britannique Keir Starmer a lui aussi f\u00e9licit\u00e9 Mark Carney et s&#8217;est r\u00e9joui d&#8217;un &#8220;renforcement des liens&#8221; entre le Royaume-Uni et le Canada.<\/p>\n<p>De son c\u00f4t\u00e9, la Chine s&#8217;est dite pr\u00eate \u00e0 &#8220;d\u00e9velopper les relations sino-canadiennes sur la base du respect mutuel, de l&#8217;\u00e9galit\u00e9 et des avantages mutuels&#8221;.<\/p>\n<p>Le chef conservateur, Pierre Poilievre, qui avait promis des baisses d&#8217;imp\u00f4ts et des coupes dans les d\u00e9penses publiques, n&#8217;a pas r\u00e9ussi \u00e0 convaincre les \u00e9lecteurs de ce pays du G7, 9e puissance mondiale, de tourner le dos aux lib\u00e9raux.<\/p>\n<p>Pierre Poilievre aura aussi souffert jusqu&#8217;au bout de sa proximit\u00e9, de par son style et certaines de ses id\u00e9es, avec le pr\u00e9sident am\u00e9ricain, ce qui lui a ali\u00e9n\u00e9 une partie de l&#8217;\u00e9lectorat, selon les analystes.<\/p>\n<p>Pr\u00e8s de 29 millions d&#8217;\u00e9lecteurs \u00e9taient appel\u00e9s aux urnes dans ce vaste pays qui s&#8217;\u00e9tend sur six fuseaux horaires. Et plus de 7,3 millions de personnes avaient vot\u00e9 par anticipation, un record.<\/p>\n<p>France24 avec AFP<\/p>\n","protected":false},"excerpt":{"rendered":"<p>Le parti lib\u00e9ral du Premier ministre Mark Carney, qui a fait campagne sur la menace repr\u00e9sent\u00e9e par Donald Trump pour le Canada, a remport\u00e9 mardi les \u00e9lections l\u00e9gislatives. Lors de son discours de victoire, cet \u00e9conomiste reconnu mais novice en politique a promis de ne jamais oublier la &#8220;trahison&#8221; am\u00e9ricaine. Apr\u00e8s une campagne centr\u00e9e sur &hellip;<\/p>\n","protected":false},"author":2,"featured_media":15343,"comment_status":"open","ping_status":"open","sticky":false,"template":"","format":"standard","meta":{"footnotes":""},"categories":[18,29],"tags":[],"class_list":["post-15341","post","type-post","status-publish","format-standard","has-post-thumbnail","hentry","category-actualites","category-monde"],"_links":{"self":[{"href":"https:\/\/ladepeche.mr\/index.php?rest_route=\/wp\/v2\/posts\/15341","targetHints":{"allow":["GET"]}}],"collection":[{"href":"https:\/\/ladepeche.mr\/index.php?rest_route=\/wp\/v2\/posts"}],"about":[{"href":"https:\/\/ladepeche.mr\/index.php?rest_route=\/wp\/v2\/types\/post"}],"author":[{"embeddable":true,"href":"https:\/\/ladepeche.mr\/index.php?rest_route=\/wp\/v2\/users\/2"}],"replies":[{"embeddable":true,"href":"https:\/\/ladepeche.mr\/index.php?rest_route=%2Fwp%2Fv2%2Fcomments&post=15341"}],"version-history":[{"count":1,"href":"https:\/\/ladepeche.mr\/index.php?rest_route=\/wp\/v2\/posts\/15341\/revisions"}],"predecessor-version":[{"id":15344,"href":"https:\/\/ladepeche.mr\/index.php?rest_route=\/wp\/v2\/posts\/15341\/revisions\/15344"}],"wp:featuredmedia":[{"embeddable":true,"href":"https:\/\/ladepeche.mr\/index.php?rest_route=\/wp\/v2\/media\/15343"}],"wp:attachment":[{"href":"https:\/\/ladepeche.mr\/index.php?rest_route=%2Fwp%2Fv2%2Fmedia&parent=15341"}],"wp:term":[{"taxonomy":"category","embeddable":true,"href":"https:\/\/ladepeche.mr\/index.php?rest_route=%2Fwp%2Fv2%2Fcategories&post=15341"},{"taxonomy":"post_tag","embeddable":true,"href":"https:\/\/ladepeche.mr\/index.php?rest_route=%2Fwp%2Fv2%2Ftags&post=15341"}],"curies":[{"name":"wp","href":"https:\/\/api.w.org\/{rel}","templated":true}]}}