{"id":15345,"date":"2025-04-30T09:29:11","date_gmt":"2025-04-30T09:29:11","guid":{"rendered":"https:\/\/ladepeche.mr\/?p=15345"},"modified":"2025-04-30T09:29:11","modified_gmt":"2025-04-30T09:29:11","slug":"le-manifeste-des-haratines-celebre-le-13e-anniversaire-de-sa-creation","status":"publish","type":"post","link":"https:\/\/ladepeche.mr\/?p=15345","title":{"rendered":"Le manifeste des Haratines c\u00e9l\u00e8bre le 13e anniversaire de sa cr\u00e9ation"},"content":{"rendered":"<p>Le Manifeste pour les droits politiques, \u00e9conomiques et sociaux des Haratines a organis\u00e9 mardi 29 avril 2025, \u00e0 Nouakchott, une marche populaire comm\u00e9morative du treizi\u00e8me anniversaire de sa mise en place.<\/p>\n<p>La marche, qui a commenc\u00e9 devant la nouvelle Maison des jeunes, a \u00e9t\u00e9 suivie par un grand nombre de citoyens, qui brandissaient des banderoles r\u00e9clamant l\u2019\u00e9galit\u00e9 et la justice sociale, et appelant \u00e0 une r\u00e9conciliation nationale globale.<\/p>\n<p>Cette manifestation populaire a \u00e9t\u00e9 cl\u00f4tur\u00e9e par un meeting organis\u00e9 dans l&#8217;enceinte de l\u2019ancien a\u00e9roport, au cours duquel le Pr\u00e9sident du Manifeste Yarba Ould Nav\u00e9, a salu\u00e9 la forte mobilisation des participants impliquant \u00ab toutes les composantes de la soci\u00e9t\u00e9 mauritanienne\u00bb, a-t-il soutenu. Il a, par ailleurs, exhort\u00e9 \u00e0 l&#8217;adoption des propositions du Manifeste encore en cours de finalisation.<\/p>\n<p>De nombreuses personnalit\u00e9s politiques et syndicales ainsi que des repr\u00e9sentants de la soci\u00e9t\u00e9 civile ont assist\u00e9 \u00e0 cette importante marche.<br \/>\n(avec rimnow)<\/p>\n","protected":false},"excerpt":{"rendered":"<p>Le Manifeste pour les droits politiques, \u00e9conomiques et sociaux des Haratines a organis\u00e9 mardi 29 avril 2025, \u00e0 Nouakchott, une marche populaire comm\u00e9morative du treizi\u00e8me anniversaire de sa mise en place. La marche, qui a commenc\u00e9 devant la nouvelle Maison des jeunes, a \u00e9t\u00e9 suivie par un grand nombre de citoyens, qui brandissaient des banderoles &hellip;<\/p>\n","protected":false},"author":2,"featured_media":15346,"comment_status":"open","ping_status":"open","sticky":false,"template":"","format":"standard","meta":{"footnotes":""},"categories":[18,31],"tags":[],"class_list":["post-15345","post","type-post","status-publish","format-standard","has-post-thumbnail","hentry","category-actualites","category-politique-et-reportages"],"_links":{"self":[{"href":"https:\/\/ladepeche.mr\/index.php?rest_route=\/wp\/v2\/posts\/15345","targetHints":{"allow":["GET"]}}],"collection":[{"href":"https:\/\/ladepeche.mr\/index.php?rest_route=\/wp\/v2\/posts"}],"about":[{"href":"https:\/\/ladepeche.mr\/index.php?rest_route=\/wp\/v2\/types\/post"}],"author":[{"embeddable":true,"href":"https:\/\/ladepeche.mr\/index.php?rest_route=\/wp\/v2\/users\/2"}],"replies":[{"embeddable":true,"href":"https:\/\/ladepeche.mr\/index.php?rest_route=%2Fwp%2Fv2%2Fcomments&post=15345"}],"version-history":[{"count":1,"href":"https:\/\/ladepeche.mr\/index.php?rest_route=\/wp\/v2\/posts\/15345\/revisions"}],"predecessor-version":[{"id":15347,"href":"https:\/\/ladepeche.mr\/index.php?rest_route=\/wp\/v2\/posts\/15345\/revisions\/15347"}],"wp:featuredmedia":[{"embeddable":true,"href":"https:\/\/ladepeche.mr\/index.php?rest_route=\/wp\/v2\/media\/15346"}],"wp:attachment":[{"href":"https:\/\/ladepeche.mr\/index.php?rest_route=%2Fwp%2Fv2%2Fmedia&parent=15345"}],"wp:term":[{"taxonomy":"category","embeddable":true,"href":"https:\/\/ladepeche.mr\/index.php?rest_route=%2Fwp%2Fv2%2Fcategories&post=15345"},{"taxonomy":"post_tag","embeddable":true,"href":"https:\/\/ladepeche.mr\/index.php?rest_route=%2Fwp%2Fv2%2Ftags&post=15345"}],"curies":[{"name":"wp","href":"https:\/\/api.w.org\/{rel}","templated":true}]}}