{"id":15352,"date":"2025-04-30T11:00:02","date_gmt":"2025-04-30T11:00:02","guid":{"rendered":"https:\/\/ladepeche.mr\/?p=15352"},"modified":"2025-04-30T10:01:49","modified_gmt":"2025-04-30T10:01:49","slug":"espagne-une-enquete-ouverte-sur-un-possible-sabotage-informatique-a-lorigine-de-la-mega-panne","status":"publish","type":"post","link":"https:\/\/ladepeche.mr\/?p=15352","title":{"rendered":"Espagne : une enqu\u00eate ouverte sur un possible sabotage informatique \u00e0 l\u2019origine de la m\u00e9ga-panne"},"content":{"rendered":"<p>La justice espagnole a annonc\u00e9, mardi, l\u2019ouverture d\u2019une enqu\u00eate pour d\u00e9terminer si la gigantesque panne d\u2019\u00e9lectricit\u00e9 qui a paralys\u00e9 le pays pourrait r\u00e9sulter d\u2019un acte de sabotage informatique.<\/p>\n<p>Selon un communiqu\u00e9 officiel transmis \u00e0 l\u2019AFP, le juge Jos\u00e9 Luis Calama, de l\u2019Audience nationale \u2014 la plus haute juridiction sp\u00e9cialis\u00e9e dans les affaires graves, notamment li\u00e9es au terrorisme \u2014 a lanc\u00e9 une enqu\u00eate pr\u00e9liminaire visant \u00e0 \u00e9tablir si la coupure survenue la veille dans le r\u00e9seau \u00e9lectrique espagnol constitue une cyberattaque ciblant des infrastructures critiques.<\/p>\n<p>La piste d\u2019un acte qualifi\u00e9 de terroriste n\u2019est pas exclue \u00e0 ce stade de l\u2019enqu\u00eate.<\/p>\n<p>The post Espagne : une enqu\u00eate ouverte sur un possible sabotage informatique \u00e0 l\u2019origine de la m\u00e9ga-panne appeared first on Hespress Fran\u00e7ais &#8211; Actualit\u00e9s du Maroc. via msn.com<\/p>\n","protected":false},"excerpt":{"rendered":"<p>La justice espagnole a annonc\u00e9, mardi, l\u2019ouverture d\u2019une enqu\u00eate pour d\u00e9terminer si la gigantesque panne d\u2019\u00e9lectricit\u00e9 qui a paralys\u00e9 le pays pourrait r\u00e9sulter d\u2019un acte de sabotage informatique. Selon un communiqu\u00e9 officiel transmis \u00e0 l\u2019AFP, le juge Jos\u00e9 Luis Calama, de l\u2019Audience nationale \u2014 la plus haute juridiction sp\u00e9cialis\u00e9e dans les affaires graves, notamment li\u00e9es &hellip;<\/p>\n","protected":false},"author":2,"featured_media":6287,"comment_status":"open","ping_status":"open","sticky":false,"template":"","format":"standard","meta":{"footnotes":""},"categories":[18,29],"tags":[],"class_list":["post-15352","post","type-post","status-publish","format-standard","has-post-thumbnail","hentry","category-actualites","category-monde"],"_links":{"self":[{"href":"https:\/\/ladepeche.mr\/index.php?rest_route=\/wp\/v2\/posts\/15352","targetHints":{"allow":["GET"]}}],"collection":[{"href":"https:\/\/ladepeche.mr\/index.php?rest_route=\/wp\/v2\/posts"}],"about":[{"href":"https:\/\/ladepeche.mr\/index.php?rest_route=\/wp\/v2\/types\/post"}],"author":[{"embeddable":true,"href":"https:\/\/ladepeche.mr\/index.php?rest_route=\/wp\/v2\/users\/2"}],"replies":[{"embeddable":true,"href":"https:\/\/ladepeche.mr\/index.php?rest_route=%2Fwp%2Fv2%2Fcomments&post=15352"}],"version-history":[{"count":1,"href":"https:\/\/ladepeche.mr\/index.php?rest_route=\/wp\/v2\/posts\/15352\/revisions"}],"predecessor-version":[{"id":15353,"href":"https:\/\/ladepeche.mr\/index.php?rest_route=\/wp\/v2\/posts\/15352\/revisions\/15353"}],"wp:featuredmedia":[{"embeddable":true,"href":"https:\/\/ladepeche.mr\/index.php?rest_route=\/wp\/v2\/media\/6287"}],"wp:attachment":[{"href":"https:\/\/ladepeche.mr\/index.php?rest_route=%2Fwp%2Fv2%2Fmedia&parent=15352"}],"wp:term":[{"taxonomy":"category","embeddable":true,"href":"https:\/\/ladepeche.mr\/index.php?rest_route=%2Fwp%2Fv2%2Fcategories&post=15352"},{"taxonomy":"post_tag","embeddable":true,"href":"https:\/\/ladepeche.mr\/index.php?rest_route=%2Fwp%2Fv2%2Ftags&post=15352"}],"curies":[{"name":"wp","href":"https:\/\/api.w.org\/{rel}","templated":true}]}}