{"id":15362,"date":"2025-04-30T12:46:51","date_gmt":"2025-04-30T12:46:51","guid":{"rendered":"https:\/\/ladepeche.mr\/?p=15362"},"modified":"2025-04-30T13:02:20","modified_gmt":"2025-04-30T13:02:20","slug":"communique-conjoint-des-maec-des-etats-du-sahel-audience-royale","status":"publish","type":"post","link":"https:\/\/ladepeche.mr\/?p=15362","title":{"rendered":"Communiqu\u00e9 conjoint des MAEC des \u00c9tats du Sahel- Audience Royale"},"content":{"rendered":"<p>Selon un communiqu\u00e9 conjoint publi\u00e9 par les Ministres des Affaires Etrang\u00e8res de la Conf\u00e9d\u00e9ration des Etats du Sahel, \u2018\u2019Sa Majest\u00e9 le Roi Mohammed VI a re\u00e7u en audience, le 28 avril 2025 \u00e0 Rabat, une d\u00e9l\u00e9gation de haut niveau de la Conf\u00e9d\u00e9ration des \u00c9tats du Sahel (AES), conduite par Son Excellence M. Abdoulaye DIOP, Ministre des Affaires \u00e9trang\u00e8res et de la Coop\u00e9ration internationale du Mali, Pr\u00e9sident en exercice de l\u2019AES\u2019\u2019.<\/p>\n<p>Cette d\u00e9l\u00e9gation comprenait aussi \u2018\u2019Leurs Excellences Messieurs Karamoko Jean Marie TRAOR\u00c9, Ministre des Affaires \u00e9trang\u00e8res du Burkina Faso, et Bakary Yaou SANGAR\u00c9, Ministre des Affaires \u00e9trang\u00e8res du Niger\u2019\u2019.<\/p>\n<p>Au nom des Chefs d\u2019\u00c9tat de l\u2019AES, le G\u00e9n\u00e9ral d\u2019Arm\u00e9e Assimi GO\u00cfTA (Mali), le Capitaine Ibrahim TRAOR\u00c9 (Burkina Faso) et le G\u00e9n\u00e9ral d\u2019Arm\u00e9e Abdourahamane TIANI (Niger), la d\u00e9l\u00e9gation de haut niveau a \u2018\u2019transmis \u00e0 Sa Majest\u00e9 le Roi Mohammed VI les messages de fraternit\u00e9, d\u2019amiti\u00e9 et de respect mutuel\u2019\u2019. Elle a \u00e9galement exprim\u00e9 \u2018\u2019la haute consid\u00e9ration de la Conf\u00e9d\u00e9ration pour l\u2019approche constructive et respectueuse du Royaume du Maroc \u00e0 l\u2019\u00e9gard de la situation politique de l\u2019AES et particuli\u00e8rement la posture respectueuse du Maroc fond\u00e9e sur la non-ing\u00e9rence dans les affaires int\u00e9rieures de leurs pays\u2019\u2019.<\/p>\n<p>Les \u00e9changes ont permis par la suite de faire le point sur \u2018\u2019les avanc\u00e9es conf\u00e9d\u00e9rales dans les domaines de la diplomatie, du d\u00e9veloppement, de la d\u00e9fense et de la s\u00e9curit\u00e9, ainsi que de r\u00e9affirmer l\u2019adh\u00e9sion pleine et enti\u00e8re de l\u2019AES \u00e0 l\u2019Initiative Royale pour l\u2019acc\u00e8s des pays du Sahel \u00e0 l\u2019Oc\u00e9an Atlantique\u2019\u2019. Cette \u2018\u2019initiative a \u00e9t\u00e9 salu\u00e9e comme un levier strat\u00e9gique pour la transformation \u00e9conomique de la r\u00e9gion\u2019\u2019.<\/p>\n<p>La Conf\u00e9d\u00e9ration a par ailleurs \u2018\u2019salu\u00e9 la vision \u00e9clair\u00e9e de Sa Majest\u00e9 le Roi, sa disponibilit\u00e9 \u00e0 renforcer la coop\u00e9ration Sud-Sud, et son engagement constant au sein de l\u2019Union Africaine en faveur du dialogue et de la stabilit\u00e9\u2019\u2019. Les membres de la d\u00e9l\u00e9gation ont exprim\u00e9, a l\u2019issue de la rencontre, \u2018\u2019leur gratitude pour la qualit\u00e9 de l\u2019audience Royale et les conseils avis\u00e9s que SM le Roi Mohammed VI leur a prodigu\u00e9s, l\u2019hospitalit\u00e9 du Royaume, soulignant la solidit\u00e9 des relations fraternelles entre le Maroc et les \u00c9tats du Sahel\u2019\u2019.<\/p>\n<p>https:\/\/x.com\/MaliMaeci\/status\/1917311192734777441?t=kv3zpo_d24nizFwQHy0iPA&#038;s=08<\/p>\n","protected":false},"excerpt":{"rendered":"<p>Selon un communiqu\u00e9 conjoint publi\u00e9 par les Ministres des Affaires Etrang\u00e8res de la Conf\u00e9d\u00e9ration des Etats du Sahel, \u2018\u2019Sa Majest\u00e9 le Roi Mohammed VI a re\u00e7u en audience, le 28 avril 2025 \u00e0 Rabat, une d\u00e9l\u00e9gation de haut niveau de la Conf\u00e9d\u00e9ration des \u00c9tats du Sahel (AES), conduite par Son Excellence M. Abdoulaye DIOP, Ministre &hellip;<\/p>\n","protected":false},"author":2,"featured_media":15363,"comment_status":"open","ping_status":"open","sticky":false,"template":"","format":"standard","meta":{"footnotes":""},"categories":[18,29],"tags":[],"class_list":["post-15362","post","type-post","status-publish","format-standard","has-post-thumbnail","hentry","category-actualites","category-monde"],"_links":{"self":[{"href":"https:\/\/ladepeche.mr\/index.php?rest_route=\/wp\/v2\/posts\/15362","targetHints":{"allow":["GET"]}}],"collection":[{"href":"https:\/\/ladepeche.mr\/index.php?rest_route=\/wp\/v2\/posts"}],"about":[{"href":"https:\/\/ladepeche.mr\/index.php?rest_route=\/wp\/v2\/types\/post"}],"author":[{"embeddable":true,"href":"https:\/\/ladepeche.mr\/index.php?rest_route=\/wp\/v2\/users\/2"}],"replies":[{"embeddable":true,"href":"https:\/\/ladepeche.mr\/index.php?rest_route=%2Fwp%2Fv2%2Fcomments&post=15362"}],"version-history":[{"count":1,"href":"https:\/\/ladepeche.mr\/index.php?rest_route=\/wp\/v2\/posts\/15362\/revisions"}],"predecessor-version":[{"id":15364,"href":"https:\/\/ladepeche.mr\/index.php?rest_route=\/wp\/v2\/posts\/15362\/revisions\/15364"}],"wp:featuredmedia":[{"embeddable":true,"href":"https:\/\/ladepeche.mr\/index.php?rest_route=\/wp\/v2\/media\/15363"}],"wp:attachment":[{"href":"https:\/\/ladepeche.mr\/index.php?rest_route=%2Fwp%2Fv2%2Fmedia&parent=15362"}],"wp:term":[{"taxonomy":"category","embeddable":true,"href":"https:\/\/ladepeche.mr\/index.php?rest_route=%2Fwp%2Fv2%2Fcategories&post=15362"},{"taxonomy":"post_tag","embeddable":true,"href":"https:\/\/ladepeche.mr\/index.php?rest_route=%2Fwp%2Fv2%2Ftags&post=15362"}],"curies":[{"name":"wp","href":"https:\/\/api.w.org\/{rel}","templated":true}]}}