{"id":15366,"date":"2025-04-30T21:22:06","date_gmt":"2025-04-30T21:22:06","guid":{"rendered":"https:\/\/ladepeche.mr\/?p=15366"},"modified":"2025-05-01T16:35:17","modified_gmt":"2025-05-01T16:35:17","slug":"le-conseil-des-ministres-approuve-le-projet-de-decret-fixant-les-conditions-doctroi-de-renouvellement-de-suspension-de-retrait-et-la-duree-de-validite-de-la-carte-de-presse","status":"publish","type":"post","link":"https:\/\/ladepeche.mr\/?p=15366","title":{"rendered":"Le conseil des ministres approuve le Projet de d\u00e9cret sur la carte de presse"},"content":{"rendered":"<p>Le Conseil des Ministres s\u2019est r\u00e9uni le mercredi 30 avril 2025, sous la Pr\u00e9sidence de Son Excellence Monsieur Mohamed OULD CHEIKH EL-GHAZOUANI, Pr\u00e9sident de la R\u00e9publique.<\/p>\n<p>Le Conseil a examin\u00e9 et adopt\u00e9 les projets de d\u00e9crets suivants :<\/p>\n<p>\u2010 Projet de d\u00e9cret portant nomination des membres du Conseil d\u2019Administration de l\u2019Office National d\u2019Inspection Sanitaire des Produits de P\u00eache et d\u2019Aquaculture (ONISPA).<\/p>\n<p>\u2010 Projet de d\u00e9cret portant concession provisoire d\u2019un terrain \u00e0 la wilaya du Trarza, Moughataa de Keur Mac\u00e9ne au profit de Sidi Brahim Elmouchtabe.<\/p>\n<p>\u2010 Projet de d\u00e9cret portant concession provisoire d\u2019un terrain \u00e0 la wilaya du Trarza, Moughataa de Keur Mac\u00e9ne au profit d\u2019Abdellahi Sellahi.<\/p>\n<p>\u2010 Projet de d\u00e9cret portant concession provisoire d\u2019un terrain \u00e0 la wilaya du Trarza, Moughataa de Rosso au profit de la Soci\u00e9t\u00e9 GPDA.<\/p>\n<p>\u2010 Projet de d\u00e9cret portant concession provisoire d\u2019un terrain \u00e0 la wilaya du Trarza, Moughataa de T\u00e9kane au profit de la Soci\u00e9t\u00e9 El Nahda Tenmawiya, Sarl.<\/p>\n<p>La concession provisoire du pr\u00e9l\u00e8vement agricole de ces soci\u00e9t\u00e9s intervient en application du d\u00e9cret n\u00b02010-080 du 31 mars 2010 qui abroge et remplace le d\u00e9cret n\u00b02000-089 du 17 juillet 2000 d\u2019application de l\u2019ordonnance n\u00b083-127du 5 juin 1983 portant r\u00e9organisation fonci\u00e8re et domaniale.<\/p>\n<p>Il vise \u00e0 stimuler l\u2019\u00e9conomie nationale en diversifiant la production agricole, en assurant la s\u00e9curit\u00e9 alimentaire et en cr\u00e9ant de nouvelles opportunit\u00e9s d\u2019emploi dans le secteur.<\/p>\n<p>\u2010 Projet de d\u00e9cret fixant les conditions d\u2019octroi, de renouvellement, de suspension, de retrait et la dur\u00e9e de validit\u00e9 de la carte de presse.<\/p>\n<p>Le pr\u00e9sent projet de d\u00e9cret s\u2019inscrit dans le cadre de l\u2019application de l\u2019article 10 de la loi n\u00b0 2024-012 du 15 f\u00e9vrier 2024 relative au journaliste professionnel, lequel pr\u00e9voit que les conditions d\u2019octroi et de renouvellement de la carte de presse, ainsi que les m\u00e9canismes de sa suspension, de son retrait et de la fixation de sa dur\u00e9e de validit\u00e9, soient d\u00e9termin\u00e9s par voie r\u00e9glementaire.<\/p>\n<p>Il traduit la volont\u00e9 des autorit\u00e9s publiques de d\u00e9velopper le secteur des m\u00e9dias, en consolidant les fondements d\u2019une pratique professionnelle saine, en rehaussant les conditions d\u2019acc\u00e8s \u00e0 la profession, et en \u00e9tablissant les droits et obligations li\u00e9s \u00e0 la d\u00e9tention de la carte de presse, afin de permettre \u00e0 la presse nationale de jouer pleinement son r\u00f4le d\u2019information et d\u2019\u00e9ducation du public, dans le respect des normes l\u00e9gales et d\u00e9ontologiques reconnues.<\/p>\n<p>Le Ministre des Affaires Etrang\u00e8res, de la Coop\u00e9ration Africaine et des Mauritaniens de l\u2019Ext\u00e9rieur a pr\u00e9sent\u00e9 une communication relative \u00e0 la situation internationale.<\/p>\n<p>Le Ministre de l\u2019Int\u00e9rieur, de la Promotion de la D\u00e9centralisation et du D\u00e9veloppement Local a pr\u00e9sent\u00e9 une communication relative \u00e0 la situation int\u00e9rieure.<\/p>\n<p>Le Ministre de l\u2019Equipement et des Transports a pr\u00e9sent\u00e9 une communication sur les r\u00e9formes du secteur des transports terrestres.<\/p>\n<p>Cette communication met en exergue les r\u00e9formes engag\u00e9es pour moderniser le secteur des transports terrestres et am\u00e9liorer le niveau des services offerts aux citoyens. Les activit\u00e9s r\u00e9alis\u00e9es dans ce cadre sont :<\/p>\n<p>1. Au niveau des r\u00e9formes institutionnelles et de la gouvernance :<\/p>\n<p>\u2010 Appui organisationnel \u00e0 l\u2019Autorit\u00e9 de R\u00e9gulation et d\u2019Organisation des Transports Terrestres ;<\/p>\n<p>\u2010 R\u00e9vision des textes r\u00e9glementaires pour la pr\u00e9servation des \u00e9quipements urbains et renforcement des sanctions ;<\/p>\n<p>2. Dans le cadre de la mobilit\u00e9 urbaine (Projet Nouakchott-mobilit\u00e9 horizon 2026 :<\/p>\n<p>\u2010 Am\u00e9nagement de 20 km de couloirs r\u00e9serv\u00e9s au bus de transport de masse<\/p>\n<p>\u2010 Acquisition de 112 bus neufs dont 62 bus \u00e0 haut niveau de service ;<\/p>\n<p>3. Au niveau de la num\u00e9risation des services :<\/p>\n<p>\u2010 D\u00e9mat\u00e9rialisation des proc\u00e9dures du certificat d\u2019immatriculation (carte grise) via la plate-forme \u00ab Khidmaty \u00bb ;<\/p>\n<p>\u2010 Modernisation du processus des examens de permis de conduire ;<\/p>\n<p>4. Au niveau de la s\u00e9curisation des plaques d\u2019immatriculation :<\/p>\n<p>\u2010 R\u00e9vision des textes et \u00e9laboration d\u2019un nouveau cahier des charges pour les fabricants ;<\/p>\n<p>\u2010 Introduction de plaques s\u00e9curis\u00e9es avec un QR code et tra\u00e7abilit\u00e9 num\u00e9rique ;<\/p>\n<p>5. Au niveau du renouvellement du parc de taxis urbains :<\/p>\n<p>\u2010 Pr\u00e9paration d\u2019un appel \u00e0 concurrence en vue de contracter avec un constructeur automobile pour le remplacement progressif des taxis v\u00e9tustes par des v\u00e9hicules plus s\u00fbrs et \u00e9cologiques.<\/p>\n<p>Enfin, le Conseil a pris les mesures individuelles suivantes :<\/p>\n<p>Minist\u00e8re des Affaires Etrang\u00e8res, de la Coop\u00e9ration Africaine et des Mauritaniens de l\u2019Ext\u00e9rieur<\/p>\n<p>Cabinet du Ministre<\/p>\n<p>Charg\u00e9s de Mission<\/p>\n<p>\u2010 Aicha El Moustapha, pr\u00e9c\u00e9demment Ambassadeur Directrice des Ressources Humaines et de la Formation.<\/p>\n<p>\u2010 Tchacha Sidi Abdalla, pr\u00e9c\u00e9demment cadre en service au Minist\u00e8re des Affaires Etrang\u00e8res, de la Coop\u00e9ration Africaine et des Mauritaniens de l\u2019Ext\u00e9rieur.<\/p>\n<p>\u2010 Mohamed Ibrahim Oumar, pr\u00e9c\u00e9demment cadre en service au Minist\u00e8re des Affaires Etrang\u00e8res, de la Coop\u00e9ration Africaine et des Mauritaniens de l\u2019Ext\u00e9rieur.<\/p>\n<p>\u2010 Mohamed Mokhtar Sidi Mohamed, pr\u00e9c\u00e9demment cadre en service au Minist\u00e8re des Affaires Etrang\u00e8res, de la Coop\u00e9ration Africaine et des Mauritaniens de l\u2019Ext\u00e9rieur.<\/p>\n<p>\u2010 Sidi Mohamed Yousouf, pr\u00e9c\u00e9demment Directeur Adjoint Afrique.<\/p>\n<p>\u2010 Aboubakrine Mohamed, pr\u00e9c\u00e9demment 1er Conseiller Ambassade de Mauritanie \u00e0 Masqu\u00e2t.<\/p>\n<p>\u2010 Mohamed Moussa El Alem, pr\u00e9c\u00e9demment Consul g\u00e9n\u00e9ral de Mauritanie \u00e0 Brazzaville.<\/p>\n<p>\u2010 El Hassen Ahmedou, pr\u00e9c\u00e9demment Ambassadeur Directeur du Courrier et des Relations Publiques.<\/p>\n<p>\u2010 Mohamed Lemine Mohamed Abdel Wahab, pr\u00e9c\u00e9demment 1er Conseiller Ambassade de Mauritanie Ottawa.<\/p>\n<p>Conseillers<\/p>\n<p>\u2010 Conseiller charge des Affaires Economiques et Financi\u00e8res : Cheikh Tijany Hjour, pr\u00e9c\u00e9demment 1er Conseiller Ambassade de Mauritanie Tokyo.<\/p>\n<p>\u2013 Conseiller charge des Mauritaniens de l\u2019ext\u00e9rieur : Itawel Oumrou Mohamed Lemine, pr\u00e9c\u00e9demment 1er Conseiller Ambassade de Mauritanie \u00e0 Tripoli.<\/p>\n<p>\u2013 Assistant au Cabinet : Ishagh Abdallahi Raph\u00e9, pr\u00e9c\u00e9demment \u00e0 l\u2019Ambassade de Mauritanie \u00e0 Dakar.<\/p>\n<p>\u2013 Assistant au Cabinet : Ramata Hassane Yall, pr\u00e9c\u00e9demment Chef de Service au Minist\u00e8re des Affaires Etrang\u00e8res, de la Coop\u00e9ration Africaine et des Mauritaniens de l\u2019Ext\u00e9rieur.<\/p>\n<p>Direction des Affaires Juridiques et des Traites<\/p>\n<p>\u2013 Directeur : Saleck Mohamed Moussa, pr\u00e9c\u00e9demment Ambassadeur Directeur Asie<\/p>\n<p>\u2013 Directeur Adjoint : El Hadj Mohamoud Moussa Diallo, pr\u00e9c\u00e9demment Chef de Service au Minist\u00e8re des Affaires Etrang\u00e8res, de la Coop\u00e9ration Africaine et des Mauritaniens de l\u2019Ext\u00e9rieur.<\/p>\n<p>Direction de la Communication<\/p>\n<p>\u2013 Directrice Adjointe : Hayati Mamouni, pr\u00e9c\u00e9demment 2\u00e9me Conseiller \u00e0 l\u2019Ambassade de Mauritanie au Caire.<\/p>\n<p>Direction du Courrier et des Relations Publiques<\/p>\n<p>\u2013 Directeur : Baba El Bechir, pr\u00e9c\u00e9demment Chef de Service<\/p>\n<p>Direction du Protocole<\/p>\n<p>\u2013 Directeur : Diop Mohamed Dioulde, pr\u00e9c\u00e9demment 1er Conseiller Ambassade Mauritanie \u00e0 New York.<\/p>\n<p>\u2013 Directeur Adjoint : Mohamed Mouvtah Ahmedou, pr\u00e9c\u00e9demment 1er Conseiller Ambassade Mauritanie \u00e0 Bamako.<\/p>\n<p>Administration Centrale<\/p>\n<p>Direction G\u00e9n\u00e9rale de la Coop\u00e9ration Bilat\u00e9rale<\/p>\n<p>Direction du Monde Arabe<\/p>\n<p>\u2013 Directeur : Mohamed Lemine El Beiyedh, pr\u00e9c\u00e9demment 1er Conseiller Ambassade Mauritanie \u00e0 Rabat.<\/p>\n<p>Direction de l\u2019Europe<\/p>\n<p>\u2013 Directeur : Cheikh Abba Tiyeb, pr\u00e9c\u00e9demment 1er Conseiller Ambassade Mauritanie \u00e0 Gen\u00e8ve.<\/p>\n<p>\u2013 Directeur Adjoint : Ahmed Cheikh El Bouh, pr\u00e9c\u00e9demment 1er Conseiller Ambassade Mauritanie \u00e0 Washington.<\/p>\n<p>Direction d\u2019Afrique<\/p>\n<p>\u2013 Directrice : Mariem Abdellahi Sao, pr\u00e9c\u00e9demment 1er Conseill\u00e8re Ambassade Mauritanie \u00e0 New York.<\/p>\n<p>\u2013 Directeur Adjoint : Tourade Ahmed Ishag, pr\u00e9c\u00e9demment 1er Conseiller Ambassade Mauritanie \u00e0 Bruxelles.<\/p>\n<p>Direction des Am\u00e9riques<\/p>\n<p>\u2013 Directeur : Ahmed El Moctar Ahmed Nech, pr\u00e9c\u00e9demment 1er Conseiller Ambassade Mauritanie \u00e0 New York.<\/p>\n<p>Direction de l\u2019Asie et de l\u2019Oc\u00e9anie<\/p>\n<p>\u2013 Directeur : Mohamed Mohamed El Hassen Menane, pr\u00e9c\u00e9demment Chef de Service.<\/p>\n<p>\u2013 Directeur Adjoint : Mohameden Daddah, pr\u00e9c\u00e9demment Chef de Service<\/p>\n<p>Direction G\u00e9n\u00e9rale de la Coop\u00e9ration Multilat\u00e9rale<\/p>\n<p>Direction de l\u2019Union du Maghreb Arabe, de l\u2019Union Europ\u00e9enne et des Partenaires M\u00e9diterran\u00e9ens<\/p>\n<p>\u2013 Directeur : Mohamed Lemine Mohamed El Bechir, Pr\u00e9c\u00e9demment cadre en service au Minist\u00e8re des Affaires Etrang\u00e8res, de la Coop\u00e9ration Africaine et des Mauritaniens de l\u2019Ext\u00e9rieur.<\/p>\n<p>Direction de l\u2019Union Africaine et des Organisations R\u00e9gionale Africaines<\/p>\n<p>\u2013 Directeur : Mohamedi Mohamed Abderrahmane, pr\u00e9c\u00e9demment 1er Conseiller Ambassade de Mauritanie \u00e0 Addis Abeba.<\/p>\n<p>\u2013 Directrice Adjointe : Aminata Abou Ba, pr\u00e9c\u00e9demment 1er Conseill\u00e8re Ambassade Mauritanie Addis Abeba.<\/p>\n<p>Direction des Nations Unies et des Organisations non Gouvernementales Internationales<\/p>\n<p>\u2013 Directeur Adjoint : Mohamed El Haiba Cheikh Saad Bouh, pr\u00e9c\u00e9demment 1er Conseiller Ambassade Mauritanie \u00e0 Washington.<\/p>\n<p>Direction G\u00e9n\u00e9rale des Mauritaniens de l\u2019Ext\u00e9rieur<\/p>\n<p>\u2013 Directeur G\u00e9n\u00e9rale : Mohamed Maouloud Mohamed Salem, pr\u00e9c\u00e9demment Consul G\u00e9n\u00e9rale 1er Class Casa Blanca.<\/p>\n<p>Direction des Affaires Consulaires<\/p>\n<p>\u2013 Directeur : Abderrahmane Mohamed Lemine Daddah, pr\u00e9c\u00e9demment 1er Conseiller Ambassade Mauritanie \u00e0 Madrid.<\/p>\n<p>Direction du Suivi et l\u2019insertion<\/p>\n<p>\u2013 Directeur : Baba Mohamed Messoud, pr\u00e9c\u00e9demment Chef de Service.<\/p>\n<p>Direction G\u00e9n\u00e9rale de l\u2019Appui et des Service Transversaux<\/p>\n<p>\u2013 Directeur G\u00e9n\u00e9ral : Bal Mamadou Oumar, pr\u00e9c\u00e9demment 1er Conseiller Ambassade Mauritanie \u00e0 Bruxelles.<\/p>\n<p>Direction des Ressources Humaines et de la Formation<\/p>\n<p>\u2013 Directeur : Sidi Aly Cheikh Ahmed, pr\u00e9c\u00e9demment Chef de Service<\/p>\n<p>\u2013 Directrice Adjointe : Diamilatou Aboubacry Dia, pr\u00e9c\u00e9demment 1er Conseill\u00e8re \u00e0 l\u2019Ambassade de Mauritanie \u00e0 Gen\u00e8ve.<\/p>\n<p>Etablissements Publics<\/p>\n<p>Acad\u00e9mie Diplomatique<\/p>\n<p>\u2013 Directeur G\u00e9n\u00e9rale Adjoint : Alassane Ousmane Dieng, pr\u00e9c\u00e9demment 1er Conseiller Ambassade Mauritanie \u00e0 Seoul.<\/p>\n<p>Minist\u00e8re de la Sant\u00e9<\/p>\n<p>Cabinet du Ministre<\/p>\n<p>Charg\u00e9s de Missions<\/p>\n<p>\u2013 Cheikh Bay Emkheitratt, pr\u00e9c\u00e9demment au m\u00eame poste<\/p>\n<p>\u2013 Zeinebou Haydi, pr\u00e9c\u00e9demment au m\u00eame poste<\/p>\n<p>\u2013 Mohamed Mahmoud Khatry, pr\u00e9c\u00e9demment au m\u00eame poste<\/p>\n<p>\u2013 Mariem Oumar K\u00e9b\u00e9, pr\u00e9c\u00e9demment au m\u00eame poste<\/p>\n<p>\u2013 Hamadi Sid\u2019elemine Tibary, pr\u00e9c\u00e9demment au m\u00eame poste<\/p>\n<p>\u2013 Aminetou Ely, pr\u00e9c\u00e9demment au m\u00eame poste<\/p>\n<p>\u2013 Lalla Babah Sidi Mohamed, pr\u00e9c\u00e9demment Conseill\u00e8re<\/p>\n<p>\u2013 Mohamed Mahmoud Ely Mahmoud, pr\u00e9c\u00e9demment Directeur G\u00e9n\u00e9ral de la Sant\u00e9 Publique<\/p>\n<p>\u2013 Sida\u2019ahmed Sidi Dahdy, pr\u00e9c\u00e9demment Directeur du Centre Hospitalier de Nouadhibou<\/p>\n<p>\u2013 Hamoud Vadel, pr\u00e9c\u00e9demment Conseiller<\/p>\n<p>\u2013 Allassane Djibril Sy, pr\u00e9c\u00e9demment Directeur du Centre Hospitalier d\u2019Aioun<\/p>\n<p>\u2013 Taleb Maata Moulana, pr\u00e9c\u00e9demment cadre au Minist\u00e8re de la Sant\u00e9<\/p>\n<p>\u2013 Moustapha Ould Moctar, pr\u00e9c\u00e9demment, Conseiller du Coordinateur de la Cellule de Sant\u00e9<\/p>\n<p>\u2013 Roughaya Hawbett, pr\u00e9c\u00e9demment Directrice de l\u2019Informatique, Documents et Traduction<\/p>\n<p>\u2013 Youcef Ehmeity, pr\u00e9c\u00e9demment Directeur des Affaires Administratives<\/p>\n<p>\u2013 Moussa Abdallahi, pr\u00e9c\u00e9demment Directeur du Contr\u00f4le Epid\u00e9miologique.<\/p>\n<p>Conseillers<\/p>\n<p>\u2013 Conseiller Juridique : Mohamed Lemine Abderrahmane, pr\u00e9c\u00e9demment au m\u00eame poste<\/p>\n<p>\u2013 Conseiller Technique charg\u00e9 de la Pr\u00e9vention et des Soins de Sant\u00e9 Primaires : Ely Meyda Zeine, pr\u00e9c\u00e9demment Directeur G\u00e9n\u00e9ral de l\u2019Organisation, Programmation et de la Coop\u00e9ration<\/p>\n<p>\u2013 Conseiller Technique en charge des M\u00e9dicaments : Eby Cheikh Khou, pr\u00e9c\u00e9demment Pharmacien Expert au sein de la Cellule de D\u00e9veloppement Sanitaire<\/p>\n<p>\u2013 Conseiller Technique charg\u00e9 de la R\u00e9forme Hospitali\u00e8re : Ahmed Salem Ehmeida, pr\u00e9c\u00e9demment Directeur de M\u00e9decine Hospitali\u00e8re<\/p>\n<p>\u2013 Conseiller Technique charg\u00e9 de la Communication : Ahmed Moustapha Bouddaha, pr\u00e9c\u00e9demment au m\u00eame poste.<\/p>\n<p>Inspection G\u00e9n\u00e9rale<\/p>\n<p>Inspecteur G\u00e9n\u00e9ral : Aly Cheibani, pr\u00e9c\u00e9demment au m\u00eame poste.<\/p>\n<p>Inspection M\u00e9dicale<\/p>\n<p>\u2013 Deyah Sidi El Moctar, pr\u00e9c\u00e9demment au m\u00eame poste.<\/p>\n<p>\u2013 Meriem Tendghi Iyah, pr\u00e9c\u00e9demment au m\u00eame poste.<\/p>\n<p>\u2013 Oum El Kheiry Bouydjel, pr\u00e9c\u00e9demment sage-femme.<\/p>\n<p>\u2013 Mohamed Maaelainine Aidale, pr\u00e9c\u00e9demment, Technicien Sup\u00e9rieur, Attach\u00e9 \u00e0 l\u2019administration du Centre Hospitalier national.<\/p>\n<p>\u2013 Tekber Eddy, pr\u00e9c\u00e9demment dentiste, \u00e0 la Direction de Ressource Humaines.<\/p>\n<p>\u2013 Eboubekrine Sidi Ebbe El Wavi, pr\u00e9c\u00e9demment au m\u00eame poste.<\/p>\n<p>\u2013 Dia Amadou Demba, M\u00e9decin G\u00e9n\u00e9raliste, pr\u00e9c\u00e9demment \u00e0 la Direction des Ressources Humaines.<\/p>\n<p>Inspection de la Pharmacie et du M\u00e9dicament<\/p>\n<p>Inspecteurs :<\/p>\n<p>\u2013 Abdellahi Mohamed Emeyssa, pr\u00e9c\u00e9demment au m\u00eame poste.<\/p>\n<p>\u2013 Mohamed Salem Abed Elberka, pr\u00e9c\u00e9demment au m\u00eame poste.<\/p>\n<p>\u2013 Mohamed Mohamed Mouauiya, pr\u00e9c\u00e9demment Directeur de la Pharmacie et des Laboratoires.<\/p>\n<p>\u2013 Mohamed Mahmoud Sidi Mohamed Egalay, pr\u00e9c\u00e9demment au m\u00eame poste.<\/p>\n<p>\u2013 Sindi Hadyetou Soumar\u00e9, pr\u00e9c\u00e9demment Pharmacien \u00e0 l\u2019H\u00f4pital r\u00e9gional de Kiffa.<\/p>\n<p>\u2013 Mohond Mohamed Khaled, pr\u00e9c\u00e9demment m\u00eame poste.<\/p>\n<p>\u2013 Tierno Mamdou Bokar Seydou Gu\u00e8ye, Pharmacien, Direction G\u00e9n\u00e9rale de la Sant\u00e9.<\/p>\n<p>\u2013 Ahmed Naji Mohamed Ahmed, pr\u00e9c\u00e9demment Pharmacien, Centrale d\u2019Achats des M\u00e9dicaments, Equipements et Consommables M\u00e9dicaux (CAMEC).<\/p>\n<p>\u2013 Mohamed Lemine Mohameden Dine, pr\u00e9c\u00e9demment, Chef de Service \u00e0 la Direction Pharmacie et de Laboratoires<\/p>\n<p>\u2013 Mohamed Lemine Mohamed Vall, pr\u00e9c\u00e9demment Chef de Service \u00e0 Direction r\u00e9gionale de Nouakchott Ouest.<\/p>\n<p>Inspection administrative et financi\u00e8re<\/p>\n<p>Inspecteurs<\/p>\n<p>\u2013 Sidi Abdellahi Bechir, pr\u00e9c\u00e9demment m\u00eame poste.<\/p>\n<p>\u2013 Mohamed Salem Bemba, pr\u00e9c\u00e9demment m\u00eame poste.<\/p>\n<p>\u2013 Chriv Taher Mohamed Mahmoud, pr\u00e9c\u00e9demment cadre \u00e0 la Direction Financi\u00e8re.<\/p>\n<p>\u2013 Ahmed Kbar, pr\u00e9c\u00e9demment Directeur des Infrastructures et des Fournitures<\/p>\n<p>\u2013 Khadijetou Horma, pr\u00e9c\u00e9demment m\u00eame poste.<\/p>\n<p>\u2013 Meriem Abedel Aziz Deyine, pr\u00e9c\u00e9demment m\u00eame poste.<\/p>\n<p>\u2013 Mahjouba El Attigh Tedih, pr\u00e9c\u00e9demment chef Service \u00e0 la Direction de l\u2019Hygi\u00e8ne.<\/p>\n<p>Inspection P\u00e9dagogique pour les Institutions de formation des Param\u00e9dicaux<\/p>\n<p>Inspecteurs<\/p>\n<p>\u2013 Yacoub Mamadou Tandia, pr\u00e9c\u00e9demment, M\u00e9decin G\u00e9n\u00e9raliste, Directeur de l\u2019Ecole de la Sant\u00e9 \u00e0 N\u00e9ma.<\/p>\n<p>\u2013 El Mewgev Abidine Beyrouk, Professeur dans les Ecoles de Sant\u00e9.<\/p>\n<p>Administration Centrale<\/p>\n<p>Direction de la M\u00e9decine Pr\u00e9ventive et de la Lutte contre les Maladies<\/p>\n<p>\u2013 Directeur : Abdellahi Bouhabib, pr\u00e9c\u00e9demment charg\u00e9 de mission.<\/p>\n<p>\u2013 Directeur Adjoint : Mohamed Mohamed Lemin Ededde, pr\u00e9c\u00e9demment Directeur des Maladies Transmissibles.<\/p>\n<p>Direction de Sant\u00e9 de la M\u00e8re, de l\u2019Enfant et de la Nutrition<\/p>\n<p>\u2013 Directeur : Djagana Moussa Salatou, pr\u00e9c\u00e9demment Directeur de la Sant\u00e9 de l\u2019Enfance.<\/p>\n<p>\u2013 Directeur Adjoint : Abdellahi Amar Ely Salem, pr\u00e9c\u00e9demment Coordinateur du Programme de Lutte contre le Paludisme.<\/p>\n<p>Direction des Etablissements de Sant\u00e9<\/p>\n<p>\u2013 Directeur : Moctar Mkheitir, pr\u00e9c\u00e9demment Directeur G\u00e9n\u00e9ral Adjoint de la Sant\u00e9 Publique.<\/p>\n<p>\u2013 Directeur Adjoint : Mohamed Efeyl, pr\u00e9c\u00e9demment Directeur R\u00e9gional du Guidimagha.<\/p>\n<p>Direction de l\u2019Hygi\u00e8ne et de la S\u00e9curit\u00e9 Sanitaire<\/p>\n<p>\u2013 Directrice : Aminetou Ahmed Louly, pr\u00e9c\u00e9demment m\u00eame poste.<\/p>\n<p>\u2013 Directeur Adjoint : Abou Bekri Kouli Timbou, pr\u00e9c\u00e9demment Chef du Service Qualit\u00e9 au Centre Hospitalier National.<\/p>\n<p>Direction de la Sant\u00e9 Communautaire<\/p>\n<p>\u2013 Directeur : Mohamed Sidina Etar, pr\u00e9c\u00e9demment Directeur Adjoint du Centre National des Urgences de Sant\u00e9 Publique.<\/p>\n<p>\u2013 Directeur Adjoint : Mohamed Salem El Bechir, pr\u00e9c\u00e9demment Coordonnateur du Programme de Sant\u00e9 Collective.<\/p>\n<p>Direction de l\u2019Approvisionnement en M\u00e9dicaments et de Produits de Sant\u00e9<\/p>\n<p>\u2013 Directeur : Cheikh Ahmedou Oubeid, pr\u00e9c\u00e9demment Conseiller Technique en Charge des M\u00e9dicaments et des Fournitures M\u00e9dicales.<\/p>\n<p>\u2013 Directeur Adjoint : Mohamed Ali Inejih Zein, pr\u00e9c\u00e9demment Pharmacien au Centre National d\u2019Oncologie.<\/p>\n<p>Direction de la Programmation, des Etudes, de la Coop\u00e9ration et de l\u2019Information Sanitaire<\/p>\n<p>\u2013 Directeur : Diop Cheikh Oumar, pr\u00e9c\u00e9demment m\u00eame poste.<\/p>\n<p>\u2013 Directeur Adjoint : Haroun Ismail Embeirik, pr\u00e9c\u00e9demment Chef Service du Syst\u00e8me National d\u2019Information Sanitaire.<\/p>\n<p>Direction des Ressources Humaines<\/p>\n<p>\u2013 Directeur : Cheikh Bay Cheikh Abdellahi, pr\u00e9c\u00e9demment m\u00eame poste.<\/p>\n<p>Direction des Affaires Financi\u00e8res<\/p>\n<p>\u2013 Directeur : Mohamed Mahmoud Messa, Inspecteur.<\/p>\n<p>Direction des Infrastructures, des Approvisionnements et de la Maintenance<\/p>\n<p>\u2013 Directeur : Boune Ahmedou, Inspecteur.<\/p>\n<p>Direction charg\u00e9e de la Promotion de l\u2019Utilisation des Technologies, de la Communication et de l\u2019Education pour la Sant\u00e9<\/p>\n<p>\u2013 Directeur : Ibrahim Oumar, Coordonnateur du programme M\u00e9dias sur la Sant\u00e9.<\/p>\n<p>Etablissement Publics<\/p>\n<p>Centre Hospitalier N\u00e9ma<\/p>\n<p>\u2013 Directeur : Sidati Babe Amar Jewde, pr\u00e9c\u00e9demment Directeur du Centre Hospitalier de Tidjikja.<\/p>\n<p>Centre Hospitalier de Tidjikja,<\/p>\n<p>\u2013 Directeur : Amadou Alassan Ndiaye, pr\u00e9c\u00e9demment Directeur du Centre Hospitalier d\u2019Akjoujt.<\/p>\n<p>Centre Hospitalier d\u2019Akjoujt<\/p>\n<p>\u2013 Directeur : Ahmed Cheikh Mohamed Mini, pr\u00e9c\u00e9demment Directeur du Centre Hospitalier de N\u00e9ma.<\/p>\n<p>Centre Hospitalier d\u2019Aioun,<\/p>\n<p>\u2013 Directeur : Sidi Ibrahim Mohamed Sidi Oumar, pr\u00e9c\u00e9demment Directeur de la Sant\u00e9 Maternelle.<\/p>\n<p>Centre Hospitalier de Nouadhibou<\/p>\n<p>\u2013 Directeur : Mohamed Abdellahi M\u2019bareck, Professeur de Chirurgie Dentaire au Centre Hospitalier National.<\/p>\n<p>Centre National des Urgences de Sant\u00e9 Publique<\/p>\n<p>\u2013 Directeur Adjoint : Bembe Mohamed Mahmoud, Directeur R\u00e9gional de la Sant\u00e9 de Nouakchott Sud.<\/p>\n<p>Centre Hospitalier d\u2019Atar<\/p>\n<p>\u2013 Directeur : Lemrabout Mohamed Lemine Ould Emghar, pr\u00e9c\u00e9demment Directeur Adjoint du m\u00eame Centre.<\/p>\n<p>\u2013 Directeur Adjoint : Ahmed Ahmed Taleb, pr\u00e9c\u00e9demment Charg\u00e9 de Mission.<\/p>\n<p>Centre Hospitalier de Bassiknou<\/p>\n<p>\u2013 Directeur Adjoint : Sarr Souleimane Abdoulaye, M\u00e9decin G\u00e9n\u00e9raliste du m\u00eame Centre.<\/p>\n<p>Minist\u00e8re de l\u2019Equipement et des Transports<\/p>\n<p>Cabinet du Ministre<\/p>\n<p>\u2010 Charg\u00e9 de mission : Mohamed Mahmoud ABDEILY, Ing\u00e9nieur en \u00e9lectrom\u00e9canique, pr\u00e9c\u00e9demment chef de projet \u00e0 la SAMIA<br \/>\nAmi<br \/>\nTitre LDM<\/p>\n","protected":false},"excerpt":{"rendered":"<p>Le Conseil des Ministres s\u2019est r\u00e9uni le mercredi 30 avril 2025, sous la Pr\u00e9sidence de Son Excellence Monsieur Mohamed OULD CHEIKH EL-GHAZOUANI, Pr\u00e9sident de la R\u00e9publique. Le Conseil a examin\u00e9 et adopt\u00e9 les projets de d\u00e9crets suivants : \u2010 Projet de d\u00e9cret portant nomination des membres du Conseil d\u2019Administration de l\u2019Office National d\u2019Inspection Sanitaire des &hellip;<\/p>\n","protected":false},"author":2,"featured_media":11724,"comment_status":"open","ping_status":"open","sticky":false,"template":"","format":"standard","meta":{"footnotes":""},"categories":[18,31],"tags":[],"class_list":["post-15366","post","type-post","status-publish","format-standard","has-post-thumbnail","hentry","category-actualites","category-politique-et-reportages"],"_links":{"self":[{"href":"https:\/\/ladepeche.mr\/index.php?rest_route=\/wp\/v2\/posts\/15366","targetHints":{"allow":["GET"]}}],"collection":[{"href":"https:\/\/ladepeche.mr\/index.php?rest_route=\/wp\/v2\/posts"}],"about":[{"href":"https:\/\/ladepeche.mr\/index.php?rest_route=\/wp\/v2\/types\/post"}],"author":[{"embeddable":true,"href":"https:\/\/ladepeche.mr\/index.php?rest_route=\/wp\/v2\/users\/2"}],"replies":[{"embeddable":true,"href":"https:\/\/ladepeche.mr\/index.php?rest_route=%2Fwp%2Fv2%2Fcomments&post=15366"}],"version-history":[{"count":2,"href":"https:\/\/ladepeche.mr\/index.php?rest_route=\/wp\/v2\/posts\/15366\/revisions"}],"predecessor-version":[{"id":15387,"href":"https:\/\/ladepeche.mr\/index.php?rest_route=\/wp\/v2\/posts\/15366\/revisions\/15387"}],"wp:featuredmedia":[{"embeddable":true,"href":"https:\/\/ladepeche.mr\/index.php?rest_route=\/wp\/v2\/media\/11724"}],"wp:attachment":[{"href":"https:\/\/ladepeche.mr\/index.php?rest_route=%2Fwp%2Fv2%2Fmedia&parent=15366"}],"wp:term":[{"taxonomy":"category","embeddable":true,"href":"https:\/\/ladepeche.mr\/index.php?rest_route=%2Fwp%2Fv2%2Fcategories&post=15366"},{"taxonomy":"post_tag","embeddable":true,"href":"https:\/\/ladepeche.mr\/index.php?rest_route=%2Fwp%2Fv2%2Ftags&post=15366"}],"curies":[{"name":"wp","href":"https:\/\/api.w.org\/{rel}","templated":true}]}}