{"id":15373,"date":"2025-05-01T13:25:14","date_gmt":"2025-05-01T13:25:14","guid":{"rendered":"https:\/\/ladepeche.mr\/?p=15373"},"modified":"2025-05-01T13:46:42","modified_gmt":"2025-05-01T13:46:42","slug":"marges-de-verite-chronique-de-mohamed-echeriv","status":"publish","type":"post","link":"https:\/\/ladepeche.mr\/?p=15373","title":{"rendered":"\u00abMarges de v\u00e9rit\u00e9\u00bb (chronique de Mohamed Ould Echriv)"},"content":{"rendered":"<p>Chers lecteurs, c\u2019est avec un grand honneur, m\u00eal\u00e9 \u00e0 une profonde reconnaissance, \u00e0 la suite de l\u2019aimable autorisation de l\u2019auteur, que nous avons le plaisir de vous part d\u2019une nouvelle chronique, baptis\u00e9e \u00abMarges de v\u00e9rit\u00e9\u00bb, qui reprend des analyses et des r\u00e9flexions, coll\u00e9es \u00e0 l\u2019actualit\u00e9 et \u00e0 l\u2019observation citoyenne, \u00e9l\u00e9gamment d\u00e9velopp\u00e9es par notre ami Mohamed Echriv Echriv. M\u00eame si nous n\u2019en avons pas l\u2019exclusivit\u00e9 (l\u2019auteur publie aussi sur Facebook), nous avons d\u00e9j\u00e0 rassembl\u00e9 -afin de vous les faire d\u00e9couvrir- une pile d\u2019articles, qui traversent le temps, tous aussi sublimes les uns que les autres. Si l\u2019on ne peut vous assurer de la long\u00e9vit\u00e9 de cette chronique, qui d\u00e9pend essentiellement de son auteur, nous sommes, par contre, s\u00fbrs qu\u2019une fois que vous y aurez go\u00fbt\u00e9e, il vous sera difficile de vous en passer. Alors un conseil : d\u00e9gustez, sans mod\u00e9ration, les \u00e9crits exquis qui nous parlent \u2013\u00e0 tous : d\u00e9cideurs, politiques, m\u00e9dias et citoyens- des choses de tous les jours sans pr\u00e9tention, avec d\u00e9tachement, patriotisme et beaucoup d\u2019allant\u2026dans ses \u00abMarges de v\u00e9rit\u00e9 \u00bb. Bon r\u00e9gal.<br \/>\n<strong>La R\u00e9daction<\/strong><\/p>\n<p><strong>&#8230;Affaire Me Ichidou<\/strong><\/p>\n<p>La convocation de Me Mohameden Ould Chidou, avocat \u00e9minent et coordinateur de la d\u00e9fense de l\u2019ancien pr\u00e9sident Mohamed Ould Abdel Aziz, ne saurait \u00eatre r\u00e9duite \u00e0 une simple proc\u00e9dure judiciaire. Elle est, en creux, l\u2019\u00e9cho d\u2019un trouble plus profond : celui d\u2019une soci\u00e9t\u00e9 qui peine \u00e0 d\u00e9limiter les contours entre la responsabilit\u00e9 politique, la libert\u00e9 d\u2019expression et les susceptibilit\u00e9s entretenues \u00e0 dessein.<br \/>\n\u00c0 premi\u00e8re vue, la plainte de l\u2019acteur Beybati contre Me Ould Chidou pourrait pr\u00eater \u00e0 sourire, tant elle semble relever d\u2019un t\u00e9lescopage entre fiction comique et plaidoirie juridique. L\u2019avocat aurait, selon la plainte, compar\u00e9 les anciens chefs d\u2019\u00c9tat \u00e0 des \u00ab g\u00e9rants de boutique \u00bb, une image emprunt\u00e9e au r\u00e9pertoire satirique de Beybati lui-m\u00eame. Ce dernier, en endossant le r\u00f4le d\u2019un boutiquier burlesque dans une s\u00e9rie ramadanesque, a cristallis\u00e9, sur le mode de l\u2019absurde, des traits bien r\u00e9els : le d\u00e9sordre, la n\u00e9gligence, l\u2019opacit\u00e9 dans la gestion. La m\u00e9taphore, dans la bouche d\u2019un avocat rompu \u00e0 l\u2019art des images fortes, a franchi la salle d\u2019audience pour entrer dans le champ du politique. Et c\u2019est l\u00e0 que le verbe blesse.<br \/>\nMais r\u00e9duire cette convocation \u00e0 une querelle d\u2019honneur serait na\u00eff. Ce qui se joue ici, derri\u00e8re la plainte d\u2019un acteur qui, en d\u2019autres circonstances, aurait pu \u00eatre c\u00e9l\u00e9br\u00e9 pour la port\u00e9e critique de son \u0153uvre, c\u2019est l\u2019effort d\u2019un appareil \u00e0 discipliner le discours. En visant l\u2019un des avocats les plus aguerris de la place, qui d\u00e9fend en outre une figure aussi controvers\u00e9e que Mohamed Ould Abdel Aziz, c\u2019est le contre-pouvoir judiciaire qu\u2019on cherche \u00e0 baliser, \u00e0 contenir, \u00e0 neutraliser dans ses audaces s\u00e9mantiques.<br \/>\nOr, ce que cette convocation tente de voiler sous les apparences de la proc\u00e9dure, c\u2019est une mise en garde plus large : celle qui vise tous ceux qui, dans la courbe d\u2019un mot bien lanc\u00e9, rappellent au pouvoir ses travers en usant de la m\u00e9moire collective comme levier rh\u00e9torique. Car derri\u00e8re le \u00ab boutiquier \u00bb se lit l\u2019all\u00e9gorie d\u2019un \u00c9tat souvent transform\u00e9 en fonds de commerce personnel, o\u00f9 la rente l\u2019emporte sur le service, et la pr\u00e9dation sur la vertu r\u00e9publicaine.<br \/>\nLa police judiciaire convoque, mais c\u2019est l\u2019histoire qui questionne : depuis quand une figure comique peut-elle imposer au barreau les bornes de sa plaidoirie ? Depuis quand un acteur, qui s\u2019inscrit dans une tradition mauritanienne du th\u00e9\u00e2tre populaire et de la critique sociale, devient-il le h\u00e9raut de la biens\u00e9ance politique ?<br \/>\nCette affaire marque un tournant : elle introduit une logique inqui\u00e9tante o\u00f9 la parole de d\u00e9fense, cens\u00e9e \u00eatre la plus prot\u00e9g\u00e9e dans l\u2019\u00c9tat de droit, devient l\u2019objet d\u2019un redressement moral \u2013 voire d\u2019une intimidation \u2013 par des moyens indirects. On ne juge plus les actes, mais les images ; on ne d\u00e9bat plus des faits, mais de leur mise en sc\u00e8ne. Et dans cette glissade, c\u2019est la respiration d\u00e9mocratique elle-m\u00eame qui se trouve comprim\u00e9e.<br \/>\nAu fond, cette convocation ne p\u00e8se pas sur un seul avocat. Elle interroge notre capacit\u00e9 \u00e0 tol\u00e9rer la critique, \u00e0 admettre l\u2019hyperbole comme arme du barreau, et \u00e0 faire la diff\u00e9rence entre l\u2019offense et le symbole. Elle d\u00e9voile une Mauritanie encore fragile dans ses fondements d\u00e9mocratiques, o\u00f9 l\u2019all\u00e9gorie fait trembler plus que l\u2019abus, et o\u00f9 la satire devient, paradoxalement, la derni\u00e8re forme de v\u00e9rit\u00e9.<\/p>\n","protected":false},"excerpt":{"rendered":"<p>Chers lecteurs, c\u2019est avec un grand honneur, m\u00eal\u00e9 \u00e0 une profonde reconnaissance, \u00e0 la suite de l\u2019aimable autorisation de l\u2019auteur, que nous avons le plaisir de vous part d\u2019une nouvelle chronique, baptis\u00e9e \u00abMarges de v\u00e9rit\u00e9\u00bb, qui reprend des analyses et des r\u00e9flexions, coll\u00e9es \u00e0 l\u2019actualit\u00e9 et \u00e0 l\u2019observation citoyenne, \u00e9l\u00e9gamment d\u00e9velopp\u00e9es par notre ami Mohamed &hellip;<\/p>\n","protected":false},"author":2,"featured_media":15374,"comment_status":"open","ping_status":"open","sticky":false,"template":"","format":"standard","meta":{"footnotes":""},"categories":[18],"tags":[],"class_list":["post-15373","post","type-post","status-publish","format-standard","has-post-thumbnail","hentry","category-actualites"],"_links":{"self":[{"href":"https:\/\/ladepeche.mr\/index.php?rest_route=\/wp\/v2\/posts\/15373","targetHints":{"allow":["GET"]}}],"collection":[{"href":"https:\/\/ladepeche.mr\/index.php?rest_route=\/wp\/v2\/posts"}],"about":[{"href":"https:\/\/ladepeche.mr\/index.php?rest_route=\/wp\/v2\/types\/post"}],"author":[{"embeddable":true,"href":"https:\/\/ladepeche.mr\/index.php?rest_route=\/wp\/v2\/users\/2"}],"replies":[{"embeddable":true,"href":"https:\/\/ladepeche.mr\/index.php?rest_route=%2Fwp%2Fv2%2Fcomments&post=15373"}],"version-history":[{"count":5,"href":"https:\/\/ladepeche.mr\/index.php?rest_route=\/wp\/v2\/posts\/15373\/revisions"}],"predecessor-version":[{"id":15379,"href":"https:\/\/ladepeche.mr\/index.php?rest_route=\/wp\/v2\/posts\/15373\/revisions\/15379"}],"wp:featuredmedia":[{"embeddable":true,"href":"https:\/\/ladepeche.mr\/index.php?rest_route=\/wp\/v2\/media\/15374"}],"wp:attachment":[{"href":"https:\/\/ladepeche.mr\/index.php?rest_route=%2Fwp%2Fv2%2Fmedia&parent=15373"}],"wp:term":[{"taxonomy":"category","embeddable":true,"href":"https:\/\/ladepeche.mr\/index.php?rest_route=%2Fwp%2Fv2%2Fcategories&post=15373"},{"taxonomy":"post_tag","embeddable":true,"href":"https:\/\/ladepeche.mr\/index.php?rest_route=%2Fwp%2Fv2%2Ftags&post=15373"}],"curies":[{"name":"wp","href":"https:\/\/api.w.org\/{rel}","templated":true}]}}