{"id":15389,"date":"2025-05-01T17:30:40","date_gmt":"2025-05-01T17:30:40","guid":{"rendered":"https:\/\/ladepeche.mr\/?p=15389"},"modified":"2025-05-01T17:30:40","modified_gmt":"2025-05-01T17:30:40","slug":"lentree-de-laide-humanitaire-a-ghaza-une-question-non-negociable","status":"publish","type":"post","link":"https:\/\/ladepeche.mr\/?p=15389","title":{"rendered":"L&#8217;entr\u00e9e de l\u2019aide humanitaire \u00e0 Ghaza, &#8220;une question non n\u00e9gociable&#8221;"},"content":{"rendered":"<p>Depuis environ deux mois, l&#8217;entit\u00e9 sioniste &#8220;emp\u00eache l\u2019entr\u00e9e de la nourriture, du carburant, des m\u00e9dicaments et des fournitures commerciales \u00e0 Ghaza, privant ainsi plus de deux millions de personnes d\u2019une aide vitale&#8221;, a indiqu\u00e9 M. Guterres sur les r\u00e9seaux sociaux, r\u00e9affirmant que &#8220;l\u2019aide humanitaire n\u2019est pas n\u00e9gociable&#8221;.<\/p>\n<p>L<br \/>\nLa bande de Ghaza, qui compte environ 2,4 millions d&#8217;habitants, d\u00e9pend quasiment enti\u00e8rement de l\u2019aide humanitaire. Toutefois, celle-ci a \u00e9t\u00e9 totalement interrompue depuis le 2 mars dernier, \u00e0 la suite de la fermeture des points de passage par l&#8217;occupation sioniste, ce qui a entra\u00een\u00e9 une d\u00e9t\u00e9rioration majeure de la situation humanitaire, selon des rapports gouvernementaux, humanitaires et internationaux.<\/p>\n<p>Lors d&#8217;un d\u00e9bat public du Conseil de s\u00e9curit\u00e9 de l&#8217;ONU la veille, consacr\u00e9 au Moyen-Orient, y compris la question palestinienne, M. Guterres, s&#8217;est alarm\u00e9 de l&#8217;utilisation par l&#8217;entit\u00e9 sioniste de l&#8217;aide humanitaire comme moyen de pression militaire, d\u00e9non\u00e7ant l&#8217;inertie diplomatique face \u00e0 la transformation des r\u00e9alit\u00e9s d\u00e9mographiques et g\u00e9ographiques en Cisjordanie occup\u00e9e.<\/p>\n<p>Il a \u00e9voqu\u00e9 une situation humanitaire &#8220;qui d\u00e9passe aujourd&#8217;hui l&#8217;entendement&#8221; dans l&#8217;enclave palestinienne, o\u00f9 plus de 50.000 Palestiniens sont tomb\u00e9s en martyrs durant l&#8217;agression sioniste, dont pr\u00e8s de 2.000 depuis la rupture du cessez-le-feu, le 18 mars.<\/p>\n<p>En fin de semaine derni\u00e8re, le Programme alimentaire mondial (PAM) a notamment annonc\u00e9 avoir \u00e9puis\u00e9 l&#8217;ensemble de ses stocks alimentaires destin\u00e9s aux Palestiniens \u00e0 Ghaza.<\/p>\n<p>Provided by SyndiGate Media Inc. (Syndigate.info) via msn.com<\/p>\n","protected":false},"excerpt":{"rendered":"<p>Depuis environ deux mois, l&#8217;entit\u00e9 sioniste &#8220;emp\u00eache l\u2019entr\u00e9e de la nourriture, du carburant, des m\u00e9dicaments et des fournitures commerciales \u00e0 Ghaza, privant ainsi plus de deux millions de personnes d\u2019une aide vitale&#8221;, a indiqu\u00e9 M. Guterres sur les r\u00e9seaux sociaux, r\u00e9affirmant que &#8220;l\u2019aide humanitaire n\u2019est pas n\u00e9gociable&#8221;. L La bande de Ghaza, qui compte environ &hellip;<\/p>\n","protected":false},"author":2,"featured_media":15390,"comment_status":"open","ping_status":"open","sticky":false,"template":"","format":"standard","meta":{"footnotes":""},"categories":[18,29],"tags":[],"class_list":["post-15389","post","type-post","status-publish","format-standard","has-post-thumbnail","hentry","category-actualites","category-monde"],"_links":{"self":[{"href":"https:\/\/ladepeche.mr\/index.php?rest_route=\/wp\/v2\/posts\/15389","targetHints":{"allow":["GET"]}}],"collection":[{"href":"https:\/\/ladepeche.mr\/index.php?rest_route=\/wp\/v2\/posts"}],"about":[{"href":"https:\/\/ladepeche.mr\/index.php?rest_route=\/wp\/v2\/types\/post"}],"author":[{"embeddable":true,"href":"https:\/\/ladepeche.mr\/index.php?rest_route=\/wp\/v2\/users\/2"}],"replies":[{"embeddable":true,"href":"https:\/\/ladepeche.mr\/index.php?rest_route=%2Fwp%2Fv2%2Fcomments&post=15389"}],"version-history":[{"count":1,"href":"https:\/\/ladepeche.mr\/index.php?rest_route=\/wp\/v2\/posts\/15389\/revisions"}],"predecessor-version":[{"id":15391,"href":"https:\/\/ladepeche.mr\/index.php?rest_route=\/wp\/v2\/posts\/15389\/revisions\/15391"}],"wp:featuredmedia":[{"embeddable":true,"href":"https:\/\/ladepeche.mr\/index.php?rest_route=\/wp\/v2\/media\/15390"}],"wp:attachment":[{"href":"https:\/\/ladepeche.mr\/index.php?rest_route=%2Fwp%2Fv2%2Fmedia&parent=15389"}],"wp:term":[{"taxonomy":"category","embeddable":true,"href":"https:\/\/ladepeche.mr\/index.php?rest_route=%2Fwp%2Fv2%2Fcategories&post=15389"},{"taxonomy":"post_tag","embeddable":true,"href":"https:\/\/ladepeche.mr\/index.php?rest_route=%2Fwp%2Fv2%2Ftags&post=15389"}],"curies":[{"name":"wp","href":"https:\/\/api.w.org\/{rel}","templated":true}]}}