{"id":15392,"date":"2025-05-01T18:30:20","date_gmt":"2025-05-01T18:30:20","guid":{"rendered":"https:\/\/ladepeche.mr\/?p=15392"},"modified":"2025-05-01T17:41:45","modified_gmt":"2025-05-01T17:41:45","slug":"la-mauritanie-a-lecole-chinoise-pour-lutter-contre-la-cecite","status":"publish","type":"post","link":"https:\/\/ladepeche.mr\/?p=15392","title":{"rendered":"La Mauritanie \u00e0 l\u2019\u00e9cole chinoise pour lutter contre la C\u00e9cit\u00e9"},"content":{"rendered":"<p>La Mauritanie signe avec une organisation humanitaire chinoise un accord de partenariat pour la lutte contre la c\u00e9cit\u00e9<\/p>\n<p>Le minist\u00e8re mauritanien de la Sant\u00e9 et l\u2019organisation humanitaire chinoise GX Foundation ont sign\u00e9, lundi \u00e0 Nouakchott, un accord de partenariat visant \u00e0 traiter gratuitement les patients atteints de c\u00e9cit\u00e9 due \u00e0 la cataracte dans les r\u00e9gions de l\u2019int\u00e9rieur de la Mauritanie.<\/p>\n<p>L\u2019accord pr\u00e9voit la r\u00e9alisation de 2.000 op\u00e9rations chirurgicales gratuites, la distribution de m\u00e9dicaments et l\u2019envoi d\u2019\u00e9quipements sp\u00e9cialis\u00e9s ainsi que la prise en charge compl\u00e8te des soins pr\u00e9op\u00e9ratoires et postop\u00e9ratoires.<\/p>\n<p>Le ministre mauritanien de la Sant\u00e9, Abdallahi Sidi Mohamed Wedih, a vivement salu\u00e9 l\u2019accord de partenariat, soulignant qu\u2019il constitue une contribution majeure au renforcement des capacit\u00e9s nationales en mati\u00e8re de chirurgie oculaire.<\/p>\n<p>La GX Foundation est une organisation chinoise \u00e0 but non lucratif et non gouvernementale, enregistr\u00e9e dans la R\u00e9gion administrative sp\u00e9ciale de Hong Kong, qui a pour objectif de fournir une aide humanitaire dans le domaine de la sant\u00e9 publique. Elle a \u00e9t\u00e9 cr\u00e9\u00e9e en 2018 afin de promouvoir les \u00e9changes entre les peuples dans le cadre de l\u2019Initiative la Ceinture et la Route.<\/p>\n<p>https:\/\/chretiens.com\/sante\/la-mauritanie-a-lecole-chinoise-pour-lutter-contre-la-cecite\/2025\/04\/30\/10\/12\/<\/p>\n","protected":false},"excerpt":{"rendered":"<p>La Mauritanie signe avec une organisation humanitaire chinoise un accord de partenariat pour la lutte contre la c\u00e9cit\u00e9 Le minist\u00e8re mauritanien de la Sant\u00e9 et l\u2019organisation humanitaire chinoise GX Foundation ont sign\u00e9, lundi \u00e0 Nouakchott, un accord de partenariat visant \u00e0 traiter gratuitement les patients atteints de c\u00e9cit\u00e9 due \u00e0 la cataracte dans les r\u00e9gions &hellip;<\/p>\n","protected":false},"author":2,"featured_media":15393,"comment_status":"open","ping_status":"open","sticky":false,"template":"","format":"standard","meta":{"footnotes":""},"categories":[18,27],"tags":[],"class_list":["post-15392","post","type-post","status-publish","format-standard","has-post-thumbnail","hentry","category-actualites","category-sante"],"_links":{"self":[{"href":"https:\/\/ladepeche.mr\/index.php?rest_route=\/wp\/v2\/posts\/15392","targetHints":{"allow":["GET"]}}],"collection":[{"href":"https:\/\/ladepeche.mr\/index.php?rest_route=\/wp\/v2\/posts"}],"about":[{"href":"https:\/\/ladepeche.mr\/index.php?rest_route=\/wp\/v2\/types\/post"}],"author":[{"embeddable":true,"href":"https:\/\/ladepeche.mr\/index.php?rest_route=\/wp\/v2\/users\/2"}],"replies":[{"embeddable":true,"href":"https:\/\/ladepeche.mr\/index.php?rest_route=%2Fwp%2Fv2%2Fcomments&post=15392"}],"version-history":[{"count":1,"href":"https:\/\/ladepeche.mr\/index.php?rest_route=\/wp\/v2\/posts\/15392\/revisions"}],"predecessor-version":[{"id":15394,"href":"https:\/\/ladepeche.mr\/index.php?rest_route=\/wp\/v2\/posts\/15392\/revisions\/15394"}],"wp:featuredmedia":[{"embeddable":true,"href":"https:\/\/ladepeche.mr\/index.php?rest_route=\/wp\/v2\/media\/15393"}],"wp:attachment":[{"href":"https:\/\/ladepeche.mr\/index.php?rest_route=%2Fwp%2Fv2%2Fmedia&parent=15392"}],"wp:term":[{"taxonomy":"category","embeddable":true,"href":"https:\/\/ladepeche.mr\/index.php?rest_route=%2Fwp%2Fv2%2Fcategories&post=15392"},{"taxonomy":"post_tag","embeddable":true,"href":"https:\/\/ladepeche.mr\/index.php?rest_route=%2Fwp%2Fv2%2Ftags&post=15392"}],"curies":[{"name":"wp","href":"https:\/\/api.w.org\/{rel}","templated":true}]}}