{"id":15398,"date":"2025-05-01T22:33:54","date_gmt":"2025-05-01T22:33:54","guid":{"rendered":"https:\/\/ladepeche.mr\/?p=15398"},"modified":"2025-05-01T22:34:45","modified_gmt":"2025-05-01T22:34:45","slug":"le-ministre-delegue-charge-du-budget-expose-a-lassemblee-nationale-les-objectifs-du-projet-de-developpement-de-lawkar","status":"publish","type":"post","link":"https:\/\/ladepeche.mr\/?p=15398","title":{"rendered":"Le ministre d\u00e9l\u00e9gu\u00e9 charg\u00e9 du Budget expose \u00e0 l&#8217;Assembl\u00e9e nationale les objectifs du projet de d\u00e9veloppement de l&#8217;Awkar"},"content":{"rendered":"<p>Son Excellence le ministre d\u00e9l\u00e9gu\u00e9 aupr\u00e8s du ministre de l&#8217;\u00c9conomie et des Finances, charg\u00e9 du Budget, M. Codioro Moussa N\u2019Guenore, a affirm\u00e9 que le Programme de D\u00e9veloppement Inclusif des Fili\u00e8res d&#8217;\u00e9levage dans la zone d&#8217;Awkar \u2013 Phase 1 constitue l&#8217;un des grands projets structurants refl\u00e9tant l&#8217;engagement du gouvernement mauritanien \u00e0 mettre en \u0153uvre les priorit\u00e9s nationales inscrites dans la Strat\u00e9gie de Croissance Acc\u00e9l\u00e9r\u00e9e et de Prosp\u00e9rit\u00e9 Partag\u00e9e (SCAPP), notamment en mati\u00e8re de s\u00e9curit\u00e9 alimentaire, de valorisation des ressources rurales et de renforcement des opportunit\u00e9s d&#8217;emploi pour les jeunes et les femmes dans les r\u00e9gions int\u00e9rieures.  <\/p>\n<p>La d\u00e9claration intervient lors de la s\u00e9ance publique tenue par l&#8217;Assembl\u00e9e nationale le mercredi 30 avril 2025, sous la pr\u00e9sidence du d\u00e9put\u00e9 Ahmedou Mohamed Mahfoudh M&#8217;balle, Deuxi\u00e8me Vice-Pr\u00e9sident de l&#8217;Assembl\u00e9e, et consacr\u00e9e \u00e0 l&#8217;adoption du projet de loi n\u00b025-013 relatif \u00e0 la convention de pr\u00eat sign\u00e9e le 28 janvier 2025 entre la R\u00e9publique Islamique de Mauritanie et le Fonds Africain de D\u00e9veloppement (FAD).  <\/p>\n<p>Ce projet rev\u00eat une dimension strat\u00e9gique de d\u00e9veloppement en ciblant la r\u00e9gion du Hodh El Charghi, l&#8217;une des zones les plus touch\u00e9es par la raret\u00e9 des ressources, avec pour ambition  d&#8217;\u00e9tablir des infrastructures p\u00e9rennes pour les fili\u00e8res animales et de transformer l&#8217;agriculture pastorale en un levier \u00e9conomique local.  <\/p>\n<p>Son Excellence le ministre a pr\u00e9cis\u00e9 que ce programme poursuit trois objectifs majeurs :  <\/p>\n<p>&#8211; Renforcer la s\u00e9curit\u00e9 alimentaire et nutritionnelle ;<br \/>\n&#8211; Valoriser les ressources  agro-pastorales ;<br \/>\n&#8211; Soutenir l&#8217;entrepreneuriat des jeunes et des femmes.  <\/p>\n<p>Le projet repose sur trois composantes essentielles :  <\/p>\n<p>1. Le d\u00e9veloppement des infrastructures  agro-pastorales, sociales et \u00e9ducatives de base ;<br \/>\n2. La promotion des cha\u00eenes de valeur et l&#8217;appui aux initiatives port\u00e9es par les femmes et les jeunes ;<br \/>\n3. La coordination et la gestion efficace et transparente du programme.  <\/p>\n<p>Ce projet permettra d&#8217;am\u00e9liorer les conditions de vie de pr\u00e8s de 100 440 b\u00e9n\u00e9ficiaires directs et de plus de 334 178 b\u00e9n\u00e9ficiaires indirects, assurant ainsi un impact durable sur les communaut\u00e9s locales.  <\/p>\n<p>Le montant du pr\u00eat couvrant cette phase s&#8217;\u00e9l\u00e8ve \u00e0 18,3 millions d&#8217;unit\u00e9s de compte (UC), soit l&#8217;\u00e9quivalent de 954,3 millions MRU, assorti de conditions financi\u00e8res concessionnelles comprenant :  <\/p>\n<p>&#8211; Un taux d&#8217;int\u00e9r\u00eat annuel de 1 % ;<br \/>\n&#8211; Une commission de service de 1 % ;<br \/>\n&#8211; Une commission d&#8217;engagement de 0,75 % ;<br \/>\n&#8211; Une dur\u00e9e de remboursement de 30 ans, incluant un diff\u00e9r\u00e9 de 5 ans.  <\/p>\n<p>Au cours des d\u00e9bats, les d\u00e9put\u00e9s ont formul\u00e9 des observations visant \u00e0 maximiser l&#8217;impact du projet. Le  ministre a, pour sa part, fourni des explications d\u00e9taill\u00e9es sur les m\u00e9canismes de mise en \u0153uvre, les garanties pr\u00e9vues en mati\u00e8re de gouvernance et de transparence.  <\/p>\n<p>Cet accord illustre un mod\u00e8le r\u00e9ussi de partenariat fructueux entre la Mauritanie et les institutions financi\u00e8res africaines, notamment le Fonds Africain de D\u00e9veloppement, dans l&#8217;appui aux programmes prioritaires de d\u00e9veloppement. Il refl\u00e8te ainsi la volont\u00e9 croissante d&#8217;activer les m\u00e9canismes de financement r\u00e9gional concessionnel et de renforcer l&#8217;int\u00e9gration africaine pour atteindre les objectifs communs de d\u00e9veloppement durable.<br \/>\nSource MEF<\/p>\n","protected":false},"excerpt":{"rendered":"<p>Son Excellence le ministre d\u00e9l\u00e9gu\u00e9 aupr\u00e8s du ministre de l&#8217;\u00c9conomie et des Finances, charg\u00e9 du Budget, M. Codioro Moussa N\u2019Guenore, a affirm\u00e9 que le Programme de D\u00e9veloppement Inclusif des Fili\u00e8res d&#8217;\u00e9levage dans la zone d&#8217;Awkar \u2013 Phase 1 constitue l&#8217;un des grands projets structurants refl\u00e9tant l&#8217;engagement du gouvernement mauritanien \u00e0 mettre en \u0153uvre les priorit\u00e9s &hellip;<\/p>\n","protected":false},"author":2,"featured_media":15399,"comment_status":"open","ping_status":"open","sticky":false,"template":"","format":"standard","meta":{"footnotes":""},"categories":[18,2],"tags":[],"class_list":["post-15398","post","type-post","status-publish","format-standard","has-post-thumbnail","hentry","category-actualites","category-economie"],"_links":{"self":[{"href":"https:\/\/ladepeche.mr\/index.php?rest_route=\/wp\/v2\/posts\/15398","targetHints":{"allow":["GET"]}}],"collection":[{"href":"https:\/\/ladepeche.mr\/index.php?rest_route=\/wp\/v2\/posts"}],"about":[{"href":"https:\/\/ladepeche.mr\/index.php?rest_route=\/wp\/v2\/types\/post"}],"author":[{"embeddable":true,"href":"https:\/\/ladepeche.mr\/index.php?rest_route=\/wp\/v2\/users\/2"}],"replies":[{"embeddable":true,"href":"https:\/\/ladepeche.mr\/index.php?rest_route=%2Fwp%2Fv2%2Fcomments&post=15398"}],"version-history":[{"count":2,"href":"https:\/\/ladepeche.mr\/index.php?rest_route=\/wp\/v2\/posts\/15398\/revisions"}],"predecessor-version":[{"id":15401,"href":"https:\/\/ladepeche.mr\/index.php?rest_route=\/wp\/v2\/posts\/15398\/revisions\/15401"}],"wp:featuredmedia":[{"embeddable":true,"href":"https:\/\/ladepeche.mr\/index.php?rest_route=\/wp\/v2\/media\/15399"}],"wp:attachment":[{"href":"https:\/\/ladepeche.mr\/index.php?rest_route=%2Fwp%2Fv2%2Fmedia&parent=15398"}],"wp:term":[{"taxonomy":"category","embeddable":true,"href":"https:\/\/ladepeche.mr\/index.php?rest_route=%2Fwp%2Fv2%2Fcategories&post=15398"},{"taxonomy":"post_tag","embeddable":true,"href":"https:\/\/ladepeche.mr\/index.php?rest_route=%2Fwp%2Fv2%2Ftags&post=15398"}],"curies":[{"name":"wp","href":"https:\/\/api.w.org\/{rel}","templated":true}]}}