{"id":15402,"date":"2025-05-01T23:00:12","date_gmt":"2025-05-01T23:00:12","guid":{"rendered":"https:\/\/ladepeche.mr\/?p=15402"},"modified":"2025-05-01T22:45:44","modified_gmt":"2025-05-01T22:45:44","slug":"vers-une-invasion-des-criquets-la-fao-appelle-a-laction-en-afrique-du-nord-ouest","status":"publish","type":"post","link":"https:\/\/ladepeche.mr\/?p=15402","title":{"rendered":"Vers une invasion des criquets? La FAO appelle \u00e0 l\u2019action en Afrique du Nord-Ouest"},"content":{"rendered":"<p>L\u2019Organisation des Nations Unies pour l\u2019alimentation et l\u2019agriculture (FAO) a r\u00e9cemment \u00e9mis une alerte \u00e0 l\u2019intention du Maroc et des pays d\u2019Afrique du Nord-Ouest face \u00e0 la recrudescence des d\u00e9placements du criquet p\u00e8lerin (Schistocerca gregaria) au c\u0153ur de la p\u00e9riode de reproduction printani\u00e8re. L\u2019agence onusienne appelle \u00e0 l\u2019intensification des op\u00e9rations de surveillance et \u00e0 la mise en \u0153uvre imm\u00e9diate de mesures de lutte pr\u00e9ventive.<\/p>\n<p>Vers un retour massif des criquets ? Dans un communiqu\u00e9 publi\u00e9 mardi, la FAO recommande la conduite de prospections terrestres intensives dans les zones agro-\u00e9cologiques \u00e0 risque, notamment depuis le sud de la cha\u00eene de l\u2019Atlas au Maroc, en passant par le Sahara alg\u00e9rien, jusqu\u2019au sud tunisien et \u00e0 l\u2019ouest libyen. Ces territoires, ayant b\u00e9n\u00e9fici\u00e9 r\u00e9cemment de pr\u00e9cipitations significatives, pr\u00e9sentent un couvert v\u00e9g\u00e9tal favorable au d\u00e9veloppement larvaire et \u00e0 la reproduction du criquet p\u00e8lerin.<\/p>\n<p>Cyril Piou, expert en surveillance acridienne \u00e0 la FAO, souligne : \u00ab Les activit\u00e9s de prospection et de lutte sont actuellement cruciales dans les r\u00e9gions o\u00f9 les conditions \u00e9cologiques, g\u00e9n\u00e9r\u00e9es par les pluies hivernales et printani\u00e8res, favorisent la reproduction acridienne \u00bb. Il ajoute que les pr\u00e9visions de l\u2019organisation, \u00e9tablies d\u00e8s janvier, annon\u00e7aient des phases d\u2019\u00e9closion et de regroupement larvaire pour ce mois d\u2019avril. Si ces foyers ne sont pas rapidement trait\u00e9s, ils pourraient \u00e9voluer en essaims de petite \u00e0 moyenne taille entre mai et juin, mena\u00e7ant les cultures vivri\u00e8res et les p\u00e2turages.<\/p>\n<p>La FAO rappelle que \u201cle criquet p\u00e8lerin demeure l\u2019un des ravageurs migrateurs les plus destructeurs au monde\u201d. Un essaim de grande ampleur peut couvrir une superficie allant de 1 \u00e0 plusieurs centaines de kilom\u00e8tres carr\u00e9s, et compter jusqu\u2019\u00e0 80 millions d\u2019individus adultes. Un tel essaim peut consommer en une seule journ\u00e9e une quantit\u00e9 de v\u00e9g\u00e9tation \u00e9quivalente \u00e0 l\u2019alimentation de 35.000 personnes. La d\u00e9tection pr\u00e9coce et la riposte rapide sont ainsi essentielles pour contenir l\u2019expansion de l\u2019infestation.<\/p>\n<p>Au Maroc, le minist\u00e8re de l\u2019Int\u00e9rieur avait d\u00e9j\u00e0 signal\u00e9, il y a un mois, la d\u00e9tection localis\u00e9e de groupes de criquets au sud-est du pays, dans des proportions limit\u00e9es. Des actions pr\u00e9ventives ont \u00e9t\u00e9 imm\u00e9diatement enclench\u00e9es afin d\u2019anticiper toute extension du ph\u00e9nom\u00e8ne.<\/p>\n<p>Dans le cadre de la veille acridienne r\u00e9gionale, les autorit\u00e9s marocaines ont renforc\u00e9 la coordination interminist\u00e9rielle et le dispositif de surveillance op\u00e9rationnelle, en r\u00e9ponse \u00e0 la dynamique acridienne observ\u00e9e dans les pays du Sahel et d\u2019Afrique du Nord-Ouest. Un rel\u00e8vement du niveau de vigilance, de mobilisation et de pr\u00e9paration a \u00e9t\u00e9 act\u00e9 afin de pr\u00e9venir tout risque d\u2019invasion acridienne.<\/p>\n<p>Le minist\u00e8re a pr\u00e9cis\u00e9 que la situation reste ma\u00eetris\u00e9e et ne suscite pas d\u2019alarme \u00ab \u00e0 ce stade \u00bb. N\u00e9anmoins, dans une approche proactive, les centres de commandement ont \u00e9t\u00e9 r\u00e9activ\u00e9s dans les provinces concern\u00e9es, mobilisant l\u2019ensemble des moyens humains et logistiques disponibles. Des \u00e9quipes d\u2019intervention sp\u00e9cialis\u00e9es en prospection, traitement et lutte chimique ont \u00e9t\u00e9 constitu\u00e9es, dot\u00e9es d\u2019\u00e9quipements adapt\u00e9s, de stocks de biopesticides et de moyens d\u2019appui logistique, y compris des ressources a\u00e9riennes.<\/p>\n<p>The post Vers une invasion des criquets? La FAO appelle \u00e0 l\u2019action en Afrique du Nord-Ouest appeared first on Hespress Fran\u00e7ais &#8211; Actualit\u00e9s du Maroc via msn.com<\/p>\n","protected":false},"excerpt":{"rendered":"<p>L\u2019Organisation des Nations Unies pour l\u2019alimentation et l\u2019agriculture (FAO) a r\u00e9cemment \u00e9mis une alerte \u00e0 l\u2019intention du Maroc et des pays d\u2019Afrique du Nord-Ouest face \u00e0 la recrudescence des d\u00e9placements du criquet p\u00e8lerin (Schistocerca gregaria) au c\u0153ur de la p\u00e9riode de reproduction printani\u00e8re. L\u2019agence onusienne appelle \u00e0 l\u2019intensification des op\u00e9rations de surveillance et \u00e0 la &hellip;<\/p>\n","protected":false},"author":2,"featured_media":15403,"comment_status":"open","ping_status":"open","sticky":false,"template":"","format":"standard","meta":{"footnotes":""},"categories":[18,2,21],"tags":[],"class_list":["post-15402","post","type-post","status-publish","format-standard","has-post-thumbnail","hentry","category-actualites","category-economie","category-fluctuations"],"_links":{"self":[{"href":"https:\/\/ladepeche.mr\/index.php?rest_route=\/wp\/v2\/posts\/15402","targetHints":{"allow":["GET"]}}],"collection":[{"href":"https:\/\/ladepeche.mr\/index.php?rest_route=\/wp\/v2\/posts"}],"about":[{"href":"https:\/\/ladepeche.mr\/index.php?rest_route=\/wp\/v2\/types\/post"}],"author":[{"embeddable":true,"href":"https:\/\/ladepeche.mr\/index.php?rest_route=\/wp\/v2\/users\/2"}],"replies":[{"embeddable":true,"href":"https:\/\/ladepeche.mr\/index.php?rest_route=%2Fwp%2Fv2%2Fcomments&post=15402"}],"version-history":[{"count":1,"href":"https:\/\/ladepeche.mr\/index.php?rest_route=\/wp\/v2\/posts\/15402\/revisions"}],"predecessor-version":[{"id":15404,"href":"https:\/\/ladepeche.mr\/index.php?rest_route=\/wp\/v2\/posts\/15402\/revisions\/15404"}],"wp:featuredmedia":[{"embeddable":true,"href":"https:\/\/ladepeche.mr\/index.php?rest_route=\/wp\/v2\/media\/15403"}],"wp:attachment":[{"href":"https:\/\/ladepeche.mr\/index.php?rest_route=%2Fwp%2Fv2%2Fmedia&parent=15402"}],"wp:term":[{"taxonomy":"category","embeddable":true,"href":"https:\/\/ladepeche.mr\/index.php?rest_route=%2Fwp%2Fv2%2Fcategories&post=15402"},{"taxonomy":"post_tag","embeddable":true,"href":"https:\/\/ladepeche.mr\/index.php?rest_route=%2Fwp%2Fv2%2Ftags&post=15402"}],"curies":[{"name":"wp","href":"https:\/\/api.w.org\/{rel}","templated":true}]}}