{"id":15405,"date":"2025-05-02T15:50:08","date_gmt":"2025-05-02T15:50:08","guid":{"rendered":"https:\/\/ladepeche.mr\/?p=15405"},"modified":"2025-05-02T15:50:08","modified_gmt":"2025-05-02T15:50:08","slug":"nomination-du-president-et-du-vice-president-du-conseil-economique-social-et-environnemental","status":"publish","type":"post","link":"https:\/\/ladepeche.mr\/?p=15405","title":{"rendered":"Nomination du pr\u00e9sident et du vice-pr\u00e9sident du Conseil \u00e9conomique, social et environnemental"},"content":{"rendered":"<p>La Pr\u00e9sidence de la R\u00e9publique annonce que par d\u00e9cret en date de jour, vendredi, sont nomm\u00e9s<\/p>\n<p>\u2013 M. Messaoud Ould Belkheir, Pr\u00e9sident du conseil \u00e9conomique, social et environnemental.<\/p>\n<p>\u2013 M. Mohamed Abdallahi Ould Siyam, vice-pr\u00e9sident du conseil \u00e9conomique, social et environnemental.<br \/>\nBureau de presse de la Pr\u00e9sidence de la Republique <\/p>\n","protected":false},"excerpt":{"rendered":"<p>La Pr\u00e9sidence de la R\u00e9publique annonce que par d\u00e9cret en date de jour, vendredi, sont nomm\u00e9s \u2013 M. Messaoud Ould Belkheir, Pr\u00e9sident du conseil \u00e9conomique, social et environnemental. \u2013 M. Mohamed Abdallahi Ould Siyam, vice-pr\u00e9sident du conseil \u00e9conomique, social et environnemental. Bureau de presse de la Pr\u00e9sidence de la Republique<\/p>\n","protected":false},"author":2,"featured_media":14632,"comment_status":"open","ping_status":"open","sticky":false,"template":"","format":"standard","meta":{"footnotes":""},"categories":[18,31],"tags":[],"class_list":["post-15405","post","type-post","status-publish","format-standard","has-post-thumbnail","hentry","category-actualites","category-politique-et-reportages"],"_links":{"self":[{"href":"https:\/\/ladepeche.mr\/index.php?rest_route=\/wp\/v2\/posts\/15405","targetHints":{"allow":["GET"]}}],"collection":[{"href":"https:\/\/ladepeche.mr\/index.php?rest_route=\/wp\/v2\/posts"}],"about":[{"href":"https:\/\/ladepeche.mr\/index.php?rest_route=\/wp\/v2\/types\/post"}],"author":[{"embeddable":true,"href":"https:\/\/ladepeche.mr\/index.php?rest_route=\/wp\/v2\/users\/2"}],"replies":[{"embeddable":true,"href":"https:\/\/ladepeche.mr\/index.php?rest_route=%2Fwp%2Fv2%2Fcomments&post=15405"}],"version-history":[{"count":1,"href":"https:\/\/ladepeche.mr\/index.php?rest_route=\/wp\/v2\/posts\/15405\/revisions"}],"predecessor-version":[{"id":15406,"href":"https:\/\/ladepeche.mr\/index.php?rest_route=\/wp\/v2\/posts\/15405\/revisions\/15406"}],"wp:featuredmedia":[{"embeddable":true,"href":"https:\/\/ladepeche.mr\/index.php?rest_route=\/wp\/v2\/media\/14632"}],"wp:attachment":[{"href":"https:\/\/ladepeche.mr\/index.php?rest_route=%2Fwp%2Fv2%2Fmedia&parent=15405"}],"wp:term":[{"taxonomy":"category","embeddable":true,"href":"https:\/\/ladepeche.mr\/index.php?rest_route=%2Fwp%2Fv2%2Fcategories&post=15405"},{"taxonomy":"post_tag","embeddable":true,"href":"https:\/\/ladepeche.mr\/index.php?rest_route=%2Fwp%2Fv2%2Ftags&post=15405"}],"curies":[{"name":"wp","href":"https:\/\/api.w.org\/{rel}","templated":true}]}}