{"id":1542,"date":"2022-08-22T17:38:37","date_gmt":"2022-08-22T17:38:37","guid":{"rendered":"https:\/\/ladepeche.mr\/?p=1542"},"modified":"2022-08-22T17:38:37","modified_gmt":"2022-08-22T17:38:37","slug":"distribution-de-produits-alimentaires-de-tentes-et-de-nattes-aux-sinistres-dans-la-wilaya-du-gorgol","status":"publish","type":"post","link":"https:\/\/ladepeche.mr\/?p=1542","title":{"rendered":"Distribution de produits alimentaires, de tentes et de nattes aux sinistr\u00e9s dans la wilaya du Gorgol"},"content":{"rendered":"<p>Le wali adjoint du Gorgol, M. Mohamed Mahmoud Ould Mohamed El Moctar a donn\u00e9, dimanche \u00e0 partir des magasins du CSA \u00e0 Kaedi, le coup d\u2019envoi d\u2019une op\u00e9ration de distribution de produits alimentaires, de tentes et de nattes aux populations sinistr\u00e9es, suite aux derni\u00e8res pluies tomb\u00e9es sur la wilaya.<\/p>\n<p>De ces aides accord\u00e9s par le CSA et qui comprennent des quantit\u00e9s de produits alimentaires profitent 1500 familles de la wilaya.<\/p>\n<p>Dans une d\u00e9claration \u00e0 l\u2019AMI, le wali mou\u00e7aid a affirm\u00e9 la solidarit\u00e9 de l\u2019Etat avec les populations, surtout suite aux cons\u00e9quences caus\u00e9es par les pluies qui ont conduit certaines familles \u00e0 abandonner leurs habitations, \u00e0 l\u2019encerclement de dizaines d\u2019habitations et \u00e0 couper certaines routes.<\/p>\n<p>Il a ajout\u00e9 que l\u2019op\u00e9ration s\u2019inscrit dans le cadre des hautes orientations du Pr\u00e9sident de la R\u00e9publique, Son Excellence Monsieur Mohamed Ould Cheikh El Ghazouani au cours de sa visite, samedi, \u00e0 Kaedi et en ex\u00e9cution du plan d\u2019action trac\u00e9 par la commission r\u00e9gionale des urgences pour une \u00e9valuation globale et pr\u00e9cise du nombre des sinistr\u00e9s et des d\u00e9g\u00e2ts enregistr\u00e9s<\/p>\n<p>De son c\u00f4t\u00e9, le directeur r\u00e9gional du CSA , M. Sid\u2019Ahmed Librami, a indiqu\u00e9 que ce geste est une concr\u00e9tisation de la solidarit\u00e9 de l\u2019Etat avec les populations o\u00f9 qu\u2019elles se trouvent et une contribution pour all\u00e9ger la pression de cette situation.<\/p>\n<p>Il a lou\u00e9 la conjugaison des efforts des institutions gouvernementales dans le but de secourir les populations avec la rapidit\u00e9 requise et de s\u00e9curiser la vie des citoyens et de leurs biens.<\/p>\n<p>L\u2019op\u00e9ration de distribution s\u2019est d\u00e9roul\u00e9e en pr\u00e9sence du hakem de la moughataa de Kaedi, du maire de la commune et des autorit\u00e9s s\u00e9curitaires.<\/p>\n<p>Ami<\/p>\n","protected":false},"excerpt":{"rendered":"<p>Le wali adjoint du Gorgol, M. Mohamed Mahmoud Ould Mohamed El Moctar a donn\u00e9, dimanche \u00e0 partir des magasins du CSA \u00e0 Kaedi, le coup d\u2019envoi d\u2019une op\u00e9ration de distribution de produits alimentaires, de tentes et de nattes aux populations sinistr\u00e9es, suite aux derni\u00e8res pluies tomb\u00e9es sur la wilaya. De ces aides accord\u00e9s par le &hellip;<\/p>\n","protected":false},"author":2,"featured_media":1543,"comment_status":"open","ping_status":"open","sticky":false,"template":"","format":"standard","meta":{"footnotes":""},"categories":[18],"tags":[],"class_list":["post-1542","post","type-post","status-publish","format-standard","has-post-thumbnail","hentry","category-actualites"],"_links":{"self":[{"href":"https:\/\/ladepeche.mr\/index.php?rest_route=\/wp\/v2\/posts\/1542","targetHints":{"allow":["GET"]}}],"collection":[{"href":"https:\/\/ladepeche.mr\/index.php?rest_route=\/wp\/v2\/posts"}],"about":[{"href":"https:\/\/ladepeche.mr\/index.php?rest_route=\/wp\/v2\/types\/post"}],"author":[{"embeddable":true,"href":"https:\/\/ladepeche.mr\/index.php?rest_route=\/wp\/v2\/users\/2"}],"replies":[{"embeddable":true,"href":"https:\/\/ladepeche.mr\/index.php?rest_route=%2Fwp%2Fv2%2Fcomments&post=1542"}],"version-history":[{"count":1,"href":"https:\/\/ladepeche.mr\/index.php?rest_route=\/wp\/v2\/posts\/1542\/revisions"}],"predecessor-version":[{"id":1544,"href":"https:\/\/ladepeche.mr\/index.php?rest_route=\/wp\/v2\/posts\/1542\/revisions\/1544"}],"wp:featuredmedia":[{"embeddable":true,"href":"https:\/\/ladepeche.mr\/index.php?rest_route=\/wp\/v2\/media\/1543"}],"wp:attachment":[{"href":"https:\/\/ladepeche.mr\/index.php?rest_route=%2Fwp%2Fv2%2Fmedia&parent=1542"}],"wp:term":[{"taxonomy":"category","embeddable":true,"href":"https:\/\/ladepeche.mr\/index.php?rest_route=%2Fwp%2Fv2%2Fcategories&post=1542"},{"taxonomy":"post_tag","embeddable":true,"href":"https:\/\/ladepeche.mr\/index.php?rest_route=%2Fwp%2Fv2%2Ftags&post=1542"}],"curies":[{"name":"wp","href":"https:\/\/api.w.org\/{rel}","templated":true}]}}