{"id":15421,"date":"2025-05-03T01:08:56","date_gmt":"2025-05-03T01:08:56","guid":{"rendered":"https:\/\/ladepeche.mr\/?p=15421"},"modified":"2025-05-03T01:08:56","modified_gmt":"2025-05-03T01:08:56","slug":"un-navire-charge-daide-humanitaire-vers-ghaza-attaque-par-deux-drones-de-larmee-sioniste-pres-de-malte","status":"publish","type":"post","link":"https:\/\/ladepeche.mr\/?p=15421","title":{"rendered":"Un navire charg\u00e9 d&#8217;aide humanitaire vers Ghaza attaqu\u00e9 par deux drones de l&#8217;arm\u00e9e sioniste pr\u00e8s de Malte"},"content":{"rendered":"<p>Dans un communiqu\u00e9, la Coalition de la Flottille de la libert\u00e9, une coalition internationale non gouvernementale, habitu\u00e9e \u00e0 mener des caravanes humanitaires pour briser le blocus de l&#8217;entit\u00e9 sioniste sur la bande de Ghaza, a indiqu\u00e9 que &#8220;30 personnes avaient \u00e9t\u00e9 \u00e0 bord du navire au moment de l&#8217;attaque&#8221;.<br \/>\nLa m\u00eame source a ajout\u00e9 que &#8220;l&#8217;attaque a eu lieu \u00e0 environ 17 milles nautiques \u00e0 l&#8217;est des c\u00f4tes de Malte&#8221;, faisant remarquer qu&#8217;apr\u00e8s l&#8217;attaque, &#8220;un incendie s&#8217;est d\u00e9clar\u00e9 \u00e0 l&#8217;int\u00e9rieur du navire, ce qui l&#8217;a emmen\u00e9e \u00e0 lancer une alerte \u00e0 laquelle les autorit\u00e9s de Malte ont r\u00e9pondu positivement, en envoyant rapidement un remorqueur&#8221;.<\/p>\n<p>De son c\u00f4t\u00e9, le gouvernement maltais a indiqu\u00e9 que &#8220;le remorqueur est arriv\u00e9 \u00e0 l&#8217;endroit indiqu\u00e9 \u00e0 1h 28 du matin (heure maltaise) et il a pu \u00e9teindre l&#8217;incendie&#8221;, affirmant que &#8220;toutes les personnes qui \u00e9taient \u00e0 bord sont saines et sauves&#8221;.<\/p>\n<p>&#8220;Le navire touch\u00e9 se trouvait hors des eaux territoriales du Malte, mais ce dernier est sous observation&#8221;, a pr\u00e9cis\u00e9, par ailleurs, le gouvernement.<\/p>\n<p>A rappeler qu&#8217;en 2010, les forces de I&#8217;entit\u00e9 sioniste avaient lanc\u00e9 un assaut meurtrier contre un navire d&#8217;une flottille internationale d&#8217;aide humanitaire venant de Turquie pour tenter de briser le blocus sioniste impos\u00e9 \u00e0 Ghaza.<\/p>\n<p>Provided by SyndiGate Media Inc. (Syndigate.info)  via msn.com<\/p>\n","protected":false},"excerpt":{"rendered":"<p>Dans un communiqu\u00e9, la Coalition de la Flottille de la libert\u00e9, une coalition internationale non gouvernementale, habitu\u00e9e \u00e0 mener des caravanes humanitaires pour briser le blocus de l&#8217;entit\u00e9 sioniste sur la bande de Ghaza, a indiqu\u00e9 que &#8220;30 personnes avaient \u00e9t\u00e9 \u00e0 bord du navire au moment de l&#8217;attaque&#8221;. La m\u00eame source a ajout\u00e9 que &hellip;<\/p>\n","protected":false},"author":2,"featured_media":15422,"comment_status":"open","ping_status":"open","sticky":false,"template":"","format":"standard","meta":{"footnotes":""},"categories":[18,29],"tags":[],"class_list":["post-15421","post","type-post","status-publish","format-standard","has-post-thumbnail","hentry","category-actualites","category-monde"],"_links":{"self":[{"href":"https:\/\/ladepeche.mr\/index.php?rest_route=\/wp\/v2\/posts\/15421","targetHints":{"allow":["GET"]}}],"collection":[{"href":"https:\/\/ladepeche.mr\/index.php?rest_route=\/wp\/v2\/posts"}],"about":[{"href":"https:\/\/ladepeche.mr\/index.php?rest_route=\/wp\/v2\/types\/post"}],"author":[{"embeddable":true,"href":"https:\/\/ladepeche.mr\/index.php?rest_route=\/wp\/v2\/users\/2"}],"replies":[{"embeddable":true,"href":"https:\/\/ladepeche.mr\/index.php?rest_route=%2Fwp%2Fv2%2Fcomments&post=15421"}],"version-history":[{"count":1,"href":"https:\/\/ladepeche.mr\/index.php?rest_route=\/wp\/v2\/posts\/15421\/revisions"}],"predecessor-version":[{"id":15423,"href":"https:\/\/ladepeche.mr\/index.php?rest_route=\/wp\/v2\/posts\/15421\/revisions\/15423"}],"wp:featuredmedia":[{"embeddable":true,"href":"https:\/\/ladepeche.mr\/index.php?rest_route=\/wp\/v2\/media\/15422"}],"wp:attachment":[{"href":"https:\/\/ladepeche.mr\/index.php?rest_route=%2Fwp%2Fv2%2Fmedia&parent=15421"}],"wp:term":[{"taxonomy":"category","embeddable":true,"href":"https:\/\/ladepeche.mr\/index.php?rest_route=%2Fwp%2Fv2%2Fcategories&post=15421"},{"taxonomy":"post_tag","embeddable":true,"href":"https:\/\/ladepeche.mr\/index.php?rest_route=%2Fwp%2Fv2%2Ftags&post=15421"}],"curies":[{"name":"wp","href":"https:\/\/api.w.org\/{rel}","templated":true}]}}