{"id":15424,"date":"2025-05-03T08:00:04","date_gmt":"2025-05-03T08:00:04","guid":{"rendered":"https:\/\/ladepeche.mr\/?p=15424"},"modified":"2025-05-03T01:12:06","modified_gmt":"2025-05-03T01:12:06","slug":"le-president-de-la-republique-felicite-la-famille-de-la-presse-a-loccasion-de-sa-journee-internationale","status":"publish","type":"post","link":"https:\/\/ladepeche.mr\/?p=15424","title":{"rendered":"Le Pr\u00e9sident de la R\u00e9publique f\u00e9licite la famille de la presse \u00e0 l\u2019occasion de sa journ\u00e9e internationale"},"content":{"rendered":"<p>S.E. le Pr\u00e9sident de la R\u00e9publique, M. Mohamed Ould Cheikh El Ghazouani, a f\u00e9licit\u00e9 la famille de la presse \u00e0 l\u2019occasion de la journ\u00e9e mondiale de la libert\u00e9 de la presse.<br \/>\nSon Excellence a \u00e9crit aujourd\u2019hui sur la plateforme (X) :<br \/>\n\u201cA l\u2019occasion de la Journ\u00e9e mondiale de la libert\u00e9 de la presse, nous f\u00e9licitons tous les membres de cette noble profession. Nous r\u00e9affirmons la poursuite des efforts visant \u00e0 la professionnaliser et \u00e0 la d\u00e9velopper, convaincus de l\u2019importance de son r\u00f4le pionnier dans la formation de la conscience soci\u00e9tale et l\u2019\u00e9veil de l\u2019opinion publique\u201d.<br \/>\nAmi<\/p>\n","protected":false},"excerpt":{"rendered":"<p>S.E. le Pr\u00e9sident de la R\u00e9publique, M. Mohamed Ould Cheikh El Ghazouani, a f\u00e9licit\u00e9 la famille de la presse \u00e0 l\u2019occasion de la journ\u00e9e mondiale de la libert\u00e9 de la presse. Son Excellence a \u00e9crit aujourd\u2019hui sur la plateforme (X) : \u201cA l\u2019occasion de la Journ\u00e9e mondiale de la libert\u00e9 de la presse, nous f\u00e9licitons &hellip;<\/p>\n","protected":false},"author":2,"featured_media":15425,"comment_status":"open","ping_status":"open","sticky":false,"template":"","format":"standard","meta":{"footnotes":""},"categories":[18,31],"tags":[],"class_list":["post-15424","post","type-post","status-publish","format-standard","has-post-thumbnail","hentry","category-actualites","category-politique-et-reportages"],"_links":{"self":[{"href":"https:\/\/ladepeche.mr\/index.php?rest_route=\/wp\/v2\/posts\/15424","targetHints":{"allow":["GET"]}}],"collection":[{"href":"https:\/\/ladepeche.mr\/index.php?rest_route=\/wp\/v2\/posts"}],"about":[{"href":"https:\/\/ladepeche.mr\/index.php?rest_route=\/wp\/v2\/types\/post"}],"author":[{"embeddable":true,"href":"https:\/\/ladepeche.mr\/index.php?rest_route=\/wp\/v2\/users\/2"}],"replies":[{"embeddable":true,"href":"https:\/\/ladepeche.mr\/index.php?rest_route=%2Fwp%2Fv2%2Fcomments&post=15424"}],"version-history":[{"count":1,"href":"https:\/\/ladepeche.mr\/index.php?rest_route=\/wp\/v2\/posts\/15424\/revisions"}],"predecessor-version":[{"id":15426,"href":"https:\/\/ladepeche.mr\/index.php?rest_route=\/wp\/v2\/posts\/15424\/revisions\/15426"}],"wp:featuredmedia":[{"embeddable":true,"href":"https:\/\/ladepeche.mr\/index.php?rest_route=\/wp\/v2\/media\/15425"}],"wp:attachment":[{"href":"https:\/\/ladepeche.mr\/index.php?rest_route=%2Fwp%2Fv2%2Fmedia&parent=15424"}],"wp:term":[{"taxonomy":"category","embeddable":true,"href":"https:\/\/ladepeche.mr\/index.php?rest_route=%2Fwp%2Fv2%2Fcategories&post=15424"},{"taxonomy":"post_tag","embeddable":true,"href":"https:\/\/ladepeche.mr\/index.php?rest_route=%2Fwp%2Fv2%2Ftags&post=15424"}],"curies":[{"name":"wp","href":"https:\/\/api.w.org\/{rel}","templated":true}]}}