{"id":15427,"date":"2025-05-03T03:30:34","date_gmt":"2025-05-03T03:30:34","guid":{"rendered":"https:\/\/ladepeche.mr\/?p=15427"},"modified":"2025-05-03T01:21:26","modified_gmt":"2025-05-03T01:21:26","slug":"les-houthis-annoncent-une-attaque-au-missile-sur-le-nord-disrael","status":"publish","type":"post","link":"https:\/\/ladepeche.mr\/?p=15427","title":{"rendered":"Les Houthis annoncent une attaque au missile sur le nord d\u2019Isra\u00ebl"},"content":{"rendered":"<p>Les rebelles y\u00e9m\u00e9nites ont revendiqu\u00e9 l\u2019attaque men\u00e9e ce vendredi matin pr\u00e8s de la ville de Ha\u00effa, pr\u00e9cisant qu\u2019elle visait une base militaire dans le nord d\u2019Isra\u00ebl.<\/p>\n<p>Leur porte-parole militaire a d\u00e9clar\u00e9 dans un communiqu\u00e9 t\u00e9l\u00e9vis\u00e9 qu\u2019ils avaient lanc\u00e9 un missile balistique en direction de la base a\u00e9rienne de Ramat David, situ\u00e9e au sud-est de Ha\u00effa.<\/p>\n<p>L\u2019arm\u00e9e isra\u00e9lienne avait d\u00e9clar\u00e9 plus t\u00f4t que les sir\u00e8nes d\u2019avions hostiles avaient \u00e9t\u00e9 activ\u00e9es \u00e0 Ha\u00effa et dans les environs de la ville vers 5h30.<\/p>\n<p>Provided by SyndiGate Media Inc. (Syndigate.info). VIA MSN<\/p>\n","protected":false},"excerpt":{"rendered":"<p>Les rebelles y\u00e9m\u00e9nites ont revendiqu\u00e9 l\u2019attaque men\u00e9e ce vendredi matin pr\u00e8s de la ville de Ha\u00effa, pr\u00e9cisant qu\u2019elle visait une base militaire dans le nord d\u2019Isra\u00ebl. Leur porte-parole militaire a d\u00e9clar\u00e9 dans un communiqu\u00e9 t\u00e9l\u00e9vis\u00e9 qu\u2019ils avaient lanc\u00e9 un missile balistique en direction de la base a\u00e9rienne de Ramat David, situ\u00e9e au sud-est de Ha\u00effa. &hellip;<\/p>\n","protected":false},"author":2,"featured_media":15431,"comment_status":"open","ping_status":"open","sticky":false,"template":"","format":"standard","meta":{"footnotes":""},"categories":[18,29],"tags":[],"class_list":["post-15427","post","type-post","status-publish","format-standard","has-post-thumbnail","hentry","category-actualites","category-monde"],"_links":{"self":[{"href":"https:\/\/ladepeche.mr\/index.php?rest_route=\/wp\/v2\/posts\/15427","targetHints":{"allow":["GET"]}}],"collection":[{"href":"https:\/\/ladepeche.mr\/index.php?rest_route=\/wp\/v2\/posts"}],"about":[{"href":"https:\/\/ladepeche.mr\/index.php?rest_route=\/wp\/v2\/types\/post"}],"author":[{"embeddable":true,"href":"https:\/\/ladepeche.mr\/index.php?rest_route=\/wp\/v2\/users\/2"}],"replies":[{"embeddable":true,"href":"https:\/\/ladepeche.mr\/index.php?rest_route=%2Fwp%2Fv2%2Fcomments&post=15427"}],"version-history":[{"count":1,"href":"https:\/\/ladepeche.mr\/index.php?rest_route=\/wp\/v2\/posts\/15427\/revisions"}],"predecessor-version":[{"id":15432,"href":"https:\/\/ladepeche.mr\/index.php?rest_route=\/wp\/v2\/posts\/15427\/revisions\/15432"}],"wp:featuredmedia":[{"embeddable":true,"href":"https:\/\/ladepeche.mr\/index.php?rest_route=\/wp\/v2\/media\/15431"}],"wp:attachment":[{"href":"https:\/\/ladepeche.mr\/index.php?rest_route=%2Fwp%2Fv2%2Fmedia&parent=15427"}],"wp:term":[{"taxonomy":"category","embeddable":true,"href":"https:\/\/ladepeche.mr\/index.php?rest_route=%2Fwp%2Fv2%2Fcategories&post=15427"},{"taxonomy":"post_tag","embeddable":true,"href":"https:\/\/ladepeche.mr\/index.php?rest_route=%2Fwp%2Fv2%2Ftags&post=15427"}],"curies":[{"name":"wp","href":"https:\/\/api.w.org\/{rel}","templated":true}]}}