{"id":15428,"date":"2025-05-03T02:00:06","date_gmt":"2025-05-03T02:00:06","guid":{"rendered":"https:\/\/ladepeche.mr\/?p=15428"},"modified":"2025-05-03T01:14:55","modified_gmt":"2025-05-03T01:14:55","slug":"examen-des-moyens-de-renforcer-la-cooperation-entre-les-secteurs-prives-de-la-mauritanie-et-de-la-turquie","status":"publish","type":"post","link":"https:\/\/ladepeche.mr\/?p=15428","title":{"rendered":"Examen des moyens de renforcer la coop\u00e9ration entre les secteurs priv\u00e9s de la Mauritanie et de la Turquie"},"content":{"rendered":"<p>Le pr\u00e9sident de l\u2019Union nationale du patronat mauritanien, M. Mohamed Zeine El Abidine Ould Cheikh Ahmed, a tenu, vendredi matin, au si\u00e8ge de l\u2019Union \u00e0 Nouakchott, une s\u00e9ance de travail avec le ministre d\u00e9l\u00e9gu\u00e9 \u00e0 la p\u00eache au minist\u00e8re turc de l\u2019agriculture et des for\u00eats, M. Abubakar Kazli Geyer.<\/p>\n<p>La r\u00e9union a port\u00e9 sur les perspectives de coop\u00e9ration entre le secteur priv\u00e9 des deux pays et l\u2019augmentation des investissements turcs dans des secteurs \u00e9conomiques porteurs tels que la p\u00eache, l\u2019agriculture, les mines et l\u2019\u00e9nergie.<\/p>\n<p>Dans une allocution prononc\u00e9e au cours de la r\u00e9union, le pr\u00e9sident de l\u2019Union nationale du patronat mauritanien a salu\u00e9 cette visite, qui est la premi\u00e8re d\u2019un ministre turc au si\u00e8ge de l\u2019Union, notant que la r\u00e9union a \u00e9t\u00e9 l\u2019occasion de parler des domaines d\u2019investissement en Mauritanie et du nouveau code d\u2019investissement et des incitations qu\u2019il offre aux investisseurs.<\/p>\n<p>Le pr\u00e9sident de la F\u00e9d\u00e9ration a remerci\u00e9 le ministre turc pour les instructions qu\u2019il a donn\u00e9es aux investisseurs turcs pour investir en Mauritanie et conclure des partenariats avec leurs homologues mauritaniens.<\/p>\n<p>Il a indiqu\u00e9 que l\u2019entretien a port\u00e9 sur l\u2019importance de renforcer les domaines de coop\u00e9ration dans le domaine de la p\u00eache, tout en soulignant la n\u00e9cessit\u00e9 de former une commission mixte pour discuter des diff\u00e9rentes questions soulev\u00e9es.<\/p>\n<p>Pour sa part, le ministre turc a soulign\u00e9 que sa visite en Mauritanie s\u2019inscrit dans le cadre de la recherche du d\u00e9veloppement des relations entre les deux pays et de la collaboration avec le gouvernement mauritanien pour le d\u00e9veloppement des relations de partenariat et d\u2019investissement dans les secteurs de la p\u00eache, de l\u2019agriculture, de la technologie, du transport et des services au cours de la prochaine phase.<\/p>\n<p>La r\u00e9union s\u2019est tenue en pr\u00e9sence d\u2019un certain nombre de membres du Bureau Ex\u00e9cutif de l\u2019unpm et de la d\u00e9l\u00e9gation turque.<\/p>\n","protected":false},"excerpt":{"rendered":"<p>Le pr\u00e9sident de l\u2019Union nationale du patronat mauritanien, M. Mohamed Zeine El Abidine Ould Cheikh Ahmed, a tenu, vendredi matin, au si\u00e8ge de l\u2019Union \u00e0 Nouakchott, une s\u00e9ance de travail avec le ministre d\u00e9l\u00e9gu\u00e9 \u00e0 la p\u00eache au minist\u00e8re turc de l\u2019agriculture et des for\u00eats, M. Abubakar Kazli Geyer. La r\u00e9union a port\u00e9 sur les &hellip;<\/p>\n","protected":false},"author":2,"featured_media":15429,"comment_status":"open","ping_status":"open","sticky":false,"template":"","format":"standard","meta":{"footnotes":""},"categories":[18,2],"tags":[],"class_list":["post-15428","post","type-post","status-publish","format-standard","has-post-thumbnail","hentry","category-actualites","category-economie"],"_links":{"self":[{"href":"https:\/\/ladepeche.mr\/index.php?rest_route=\/wp\/v2\/posts\/15428","targetHints":{"allow":["GET"]}}],"collection":[{"href":"https:\/\/ladepeche.mr\/index.php?rest_route=\/wp\/v2\/posts"}],"about":[{"href":"https:\/\/ladepeche.mr\/index.php?rest_route=\/wp\/v2\/types\/post"}],"author":[{"embeddable":true,"href":"https:\/\/ladepeche.mr\/index.php?rest_route=\/wp\/v2\/users\/2"}],"replies":[{"embeddable":true,"href":"https:\/\/ladepeche.mr\/index.php?rest_route=%2Fwp%2Fv2%2Fcomments&post=15428"}],"version-history":[{"count":1,"href":"https:\/\/ladepeche.mr\/index.php?rest_route=\/wp\/v2\/posts\/15428\/revisions"}],"predecessor-version":[{"id":15430,"href":"https:\/\/ladepeche.mr\/index.php?rest_route=\/wp\/v2\/posts\/15428\/revisions\/15430"}],"wp:featuredmedia":[{"embeddable":true,"href":"https:\/\/ladepeche.mr\/index.php?rest_route=\/wp\/v2\/media\/15429"}],"wp:attachment":[{"href":"https:\/\/ladepeche.mr\/index.php?rest_route=%2Fwp%2Fv2%2Fmedia&parent=15428"}],"wp:term":[{"taxonomy":"category","embeddable":true,"href":"https:\/\/ladepeche.mr\/index.php?rest_route=%2Fwp%2Fv2%2Fcategories&post=15428"},{"taxonomy":"post_tag","embeddable":true,"href":"https:\/\/ladepeche.mr\/index.php?rest_route=%2Fwp%2Fv2%2Ftags&post=15428"}],"curies":[{"name":"wp","href":"https:\/\/api.w.org\/{rel}","templated":true}]}}