{"id":15433,"date":"2025-05-03T04:30:55","date_gmt":"2025-05-03T04:30:55","guid":{"rendered":"https:\/\/ladepeche.mr\/?p=15433"},"modified":"2025-05-03T01:26:41","modified_gmt":"2025-05-03T01:26:41","slug":"la-chine-nargue-les-etats-unis-et-affirme-sa-puissance-militaire-dans-le-pacifique","status":"publish","type":"post","link":"https:\/\/ladepeche.mr\/?p=15433","title":{"rendered":"La Chine nargue les Etats-Unis et affirme sa puissance militaire dans le Pacifique"},"content":{"rendered":"<p>P\u00e9kin a \u00e9t\u00e9 accus\u00e9 de &#8220;militariser&#8221; la mer Jaune \u2014 une \u00e9tendue d&#8217;eau entre la Chine et la Cor\u00e9e du Sud, un alli\u00e9 cl\u00e9 des \u00c9tats-Unis en Asie \u2014 en d\u00e9ployant r\u00e9guli\u00e8rement des navires de guerre dans la r\u00e9gion.<\/p>\n<p>L&#8217;arm\u00e9e chinoise semble intensifier sa pr\u00e9sence dans l&#8217;oc\u00e9an Pacifique, envoyant fr\u00e9quemment des navires militaires pr\u00e8s des eaux territoriales de la Cor\u00e9e du Sud et du Japon.<br \/>\nSelon le m\u00e9dia sud-cor\u00e9en The Chosun Daily, qui cite des sources militaires, il y a des &#8220;signes croissants&#8221; de militarisation accrue dans la mer Jaune. La marine chinoise serait entr\u00e9e 330 fois l&#8217;ann\u00e9e derni\u00e8re dans les eaux sous juridiction sud-cor\u00e9enne.<\/p>\n<p>S\u00e9oul s&#8217;inqui\u00e8te<\/p>\n<p>Le rapport note \u00e9galement que des navires de guerre chinois ont \u00e9t\u00e9 aper\u00e7us dans la zone \u00e9conomique exclusive (ZEE) de la Cor\u00e9e du Sud, suscitant des inqui\u00e9tudes \u00e0 S\u00e9oul concernant la strat\u00e9gie maritime de plus en plus affirm\u00e9e de la Chine.<\/p>\n<p>Les analystes disent que les actions de P\u00e9kin font partie d&#8217;un effort plus large pour intimider ses voisins r\u00e9gionaux, d&#8217;autant plus que le Japon et la Cor\u00e9e du Sud maintiennent des liens militaires \u00e9troits avec les \u00c9tats-Unis.<\/p>\n<p>(Manon Pierre avec QG &#8211; Source : Newsweek \u2014 Photo : \u00a9 Unsplash)<\/p>\n","protected":false},"excerpt":{"rendered":"<p>P\u00e9kin a \u00e9t\u00e9 accus\u00e9 de &#8220;militariser&#8221; la mer Jaune \u2014 une \u00e9tendue d&#8217;eau entre la Chine et la Cor\u00e9e du Sud, un alli\u00e9 cl\u00e9 des \u00c9tats-Unis en Asie \u2014 en d\u00e9ployant r\u00e9guli\u00e8rement des navires de guerre dans la r\u00e9gion. L&#8217;arm\u00e9e chinoise semble intensifier sa pr\u00e9sence dans l&#8217;oc\u00e9an Pacifique, envoyant fr\u00e9quemment des navires militaires pr\u00e8s des &hellip;<\/p>\n","protected":false},"author":2,"featured_media":15434,"comment_status":"open","ping_status":"open","sticky":false,"template":"","format":"standard","meta":{"footnotes":""},"categories":[18,29],"tags":[],"class_list":["post-15433","post","type-post","status-publish","format-standard","has-post-thumbnail","hentry","category-actualites","category-monde"],"_links":{"self":[{"href":"https:\/\/ladepeche.mr\/index.php?rest_route=\/wp\/v2\/posts\/15433","targetHints":{"allow":["GET"]}}],"collection":[{"href":"https:\/\/ladepeche.mr\/index.php?rest_route=\/wp\/v2\/posts"}],"about":[{"href":"https:\/\/ladepeche.mr\/index.php?rest_route=\/wp\/v2\/types\/post"}],"author":[{"embeddable":true,"href":"https:\/\/ladepeche.mr\/index.php?rest_route=\/wp\/v2\/users\/2"}],"replies":[{"embeddable":true,"href":"https:\/\/ladepeche.mr\/index.php?rest_route=%2Fwp%2Fv2%2Fcomments&post=15433"}],"version-history":[{"count":1,"href":"https:\/\/ladepeche.mr\/index.php?rest_route=\/wp\/v2\/posts\/15433\/revisions"}],"predecessor-version":[{"id":15435,"href":"https:\/\/ladepeche.mr\/index.php?rest_route=\/wp\/v2\/posts\/15433\/revisions\/15435"}],"wp:featuredmedia":[{"embeddable":true,"href":"https:\/\/ladepeche.mr\/index.php?rest_route=\/wp\/v2\/media\/15434"}],"wp:attachment":[{"href":"https:\/\/ladepeche.mr\/index.php?rest_route=%2Fwp%2Fv2%2Fmedia&parent=15433"}],"wp:term":[{"taxonomy":"category","embeddable":true,"href":"https:\/\/ladepeche.mr\/index.php?rest_route=%2Fwp%2Fv2%2Fcategories&post=15433"},{"taxonomy":"post_tag","embeddable":true,"href":"https:\/\/ladepeche.mr\/index.php?rest_route=%2Fwp%2Fv2%2Ftags&post=15433"}],"curies":[{"name":"wp","href":"https:\/\/api.w.org\/{rel}","templated":true}]}}