{"id":15440,"date":"2025-05-03T14:30:53","date_gmt":"2025-05-03T14:30:53","guid":{"rendered":"https:\/\/ladepeche.mr\/?p=15440"},"modified":"2025-05-03T18:13:02","modified_gmt":"2025-05-03T18:13:02","slug":"le-ministre-de-leconomie-et-des-finances-supervise-le-lancement-du-rapport-annuel-des-nations-unies-et-du-plan-daction-conjoint","status":"publish","type":"post","link":"https:\/\/ladepeche.mr\/?p=15440","title":{"rendered":"Le MEF supervise le lancement du rapport annuel des NU et du Plan d\u2019action conjoint"},"content":{"rendered":"<p>Son Excellence le  ministre de l\u2019\u00c9conomie et des Finances, M. Sid&#8217; Ahmed Ould Bouh, a supervis\u00e9 vendredi \u00e0 Nouakchott le lancement du rapport annuel 2024 du Syst\u00e8me des Nations Unies en Mauritanie, conjointement \u00e0 la pr\u00e9sentation du Plan d\u2019action commun pour la p\u00e9riode 2024-2025.<\/p>\n<p>Dans son allocution, le ministre a salu\u00e9 la qualit\u00e9 du partenariat avec les Nations Unies, fond\u00e9 sur une vision partag\u00e9e en faveur d\u2019un d\u00e9veloppement inclusif et durable.<\/p>\n<p>Il a soulign\u00e9 que l\u2019ann\u00e9e 2024 a \u00e9t\u00e9 marqu\u00e9e par des avanc\u00e9es significatives dans un contexte r\u00e9gional complexe, la Mauritanie ayant poursuivi ses efforts en mati\u00e8re de consolidation de la stabilit\u00e9, de renforcement de la croissance et de r\u00e9silience des communaut\u00e9s. Le rapport onusien refl\u00e8te cette dynamique \u00e0 travers les progr\u00e8s r\u00e9alis\u00e9s dans les domaines de la croissance inclusive, du capital humain et de la gouvernance. Toutefois, les d\u00e9fis structurels, notamment ceux li\u00e9s aux changements climatiques et aux flux migratoires, demeurent et n\u00e9cessitent une r\u00e9ponse soutenue.<\/p>\n<p>Le Plan d\u2019action conjoint, dot\u00e9 d\u2019un budget d\u2019environ 87 millions de dollars \u2013 dont pr\u00e8s de la moiti\u00e9 d\u00e9j\u00e0 mobilis\u00e9e \u2013 incarne l\u2019ambition partag\u00e9e d\u2019une Mauritanie plus r\u00e9siliente et prosp\u00e8re. Il s\u2019inscrit en coh\u00e9rence avec les priorit\u00e9s du partenariat et la Strat\u00e9gie de Croissance Acc\u00e9l\u00e9r\u00e9e et de Prosp\u00e9rit\u00e9 Partag\u00e9e (SCAPP), \u00e0 travers trois axes majeurs : la croissance inclusive, le d\u00e9veloppement du capital humain et la consolidation de la bonne gouvernance.<\/p>\n<p>Le gouvernement mauritanien a r\u00e9it\u00e9r\u00e9 son engagement total en faveur d\u2019une coop\u00e9ration \u00e9troite avec les Nations Unies, saluant en particulier l\u2019accent mis sur l\u2019innovation, le financement vert, les projets de paiement num\u00e9rique et d&#8217;\u00e9nergies renouvelables en milieu rural, ainsi que le soutien \u00e0 la coh\u00e9sion sociale dans les zones frontali\u00e8res.<\/p>\n<p>La c\u00e9r\u00e9monie s\u2019est d\u00e9roul\u00e9e en pr\u00e9sence de repr\u00e9sentants des Nations Unies, d\u2019ambassades, d\u2019organisations internationales et de plusieurs d\u00e9partements minist\u00e9riels concern\u00e9s.<br \/>\nSource MEF<\/p>\n","protected":false},"excerpt":{"rendered":"<p>Son Excellence le ministre de l\u2019\u00c9conomie et des Finances, M. Sid&#8217; Ahmed Ould Bouh, a supervis\u00e9 vendredi \u00e0 Nouakchott le lancement du rapport annuel 2024 du Syst\u00e8me des Nations Unies en Mauritanie, conjointement \u00e0 la pr\u00e9sentation du Plan d\u2019action commun pour la p\u00e9riode 2024-2025. Dans son allocution, le ministre a salu\u00e9 la qualit\u00e9 du partenariat &hellip;<\/p>\n","protected":false},"author":2,"featured_media":15441,"comment_status":"open","ping_status":"open","sticky":false,"template":"","format":"standard","meta":{"footnotes":""},"categories":[18,2],"tags":[],"class_list":["post-15440","post","type-post","status-publish","format-standard","has-post-thumbnail","hentry","category-actualites","category-economie"],"_links":{"self":[{"href":"https:\/\/ladepeche.mr\/index.php?rest_route=\/wp\/v2\/posts\/15440","targetHints":{"allow":["GET"]}}],"collection":[{"href":"https:\/\/ladepeche.mr\/index.php?rest_route=\/wp\/v2\/posts"}],"about":[{"href":"https:\/\/ladepeche.mr\/index.php?rest_route=\/wp\/v2\/types\/post"}],"author":[{"embeddable":true,"href":"https:\/\/ladepeche.mr\/index.php?rest_route=\/wp\/v2\/users\/2"}],"replies":[{"embeddable":true,"href":"https:\/\/ladepeche.mr\/index.php?rest_route=%2Fwp%2Fv2%2Fcomments&post=15440"}],"version-history":[{"count":3,"href":"https:\/\/ladepeche.mr\/index.php?rest_route=\/wp\/v2\/posts\/15440\/revisions"}],"predecessor-version":[{"id":15455,"href":"https:\/\/ladepeche.mr\/index.php?rest_route=\/wp\/v2\/posts\/15440\/revisions\/15455"}],"wp:featuredmedia":[{"embeddable":true,"href":"https:\/\/ladepeche.mr\/index.php?rest_route=\/wp\/v2\/media\/15441"}],"wp:attachment":[{"href":"https:\/\/ladepeche.mr\/index.php?rest_route=%2Fwp%2Fv2%2Fmedia&parent=15440"}],"wp:term":[{"taxonomy":"category","embeddable":true,"href":"https:\/\/ladepeche.mr\/index.php?rest_route=%2Fwp%2Fv2%2Fcategories&post=15440"},{"taxonomy":"post_tag","embeddable":true,"href":"https:\/\/ladepeche.mr\/index.php?rest_route=%2Fwp%2Fv2%2Ftags&post=15440"}],"curies":[{"name":"wp","href":"https:\/\/api.w.org\/{rel}","templated":true}]}}