{"id":15443,"date":"2025-05-03T16:49:38","date_gmt":"2025-05-03T16:49:38","guid":{"rendered":"https:\/\/ladepeche.mr\/?p=15443"},"modified":"2025-05-03T17:01:46","modified_gmt":"2025-05-03T17:01:46","slug":"liberte-de-la-presse-les-journalistes-payent-ils-pour-lactivisme-sur-les-reseaux-sociaux","status":"publish","type":"post","link":"https:\/\/ladepeche.mr\/?p=15443","title":{"rendered":"Libert\u00e9 de la presse : Les journalistes payent-ils pour l&#8217;activisme sur les r\u00e9seaux sociaux?"},"content":{"rendered":"<p>La Mauritanie connait un recul dans la libert\u00e9 de presse et d\u2019expression. Le constat \u00e9vident est perceptible dans le dernier classement de RSF 2025 sur la libert\u00e9 des m\u00e9dias dans le monde qui recale notre pays de la de 33\u00e8me \u00e0 50\u00e8me place. Triste constat apr\u00e8s avoir servi de &#8220;bon&#8221; exemple dans notre aire arabe et africaine. Pourquoi ?<\/p>\n<p>Le 3 mai, journ\u00e9e internationale de la libert\u00e9 de la presse est souvent l\u2019arr\u00eat qu\u2019on observe pour mesurer le chemin parcouru. Les acquis mais aussi les d\u00e9fis qui souvent se dressent devant l\u2019accomplissement professionnel, contre \u00ab leur cr\u00e9dibilit\u00e9 et leur diversit\u00e9 \u00bb comme veulent l\u2019imprimer les NU aujourd\u2019hui avec l\u2019intrusion de la technologie de l\u2019Intelligence Artificielle (IA). La journ\u00e9e est aussi l\u2019opportunit\u00e9 d\u2019une ode \u00e0 tous les militants de la libert\u00e9 et de l\u2019\u00e9mancipation humaines qui ont marqu\u00e9 de leur vivant le combat toujours en cours pour la libert\u00e9 de la parole dans notre soci\u00e9t\u00e9. De Coulibaly Souleimane, \u00e0 Mohamed Fall Oumeir, en passant par Habib Ould Mahfoudh ou encore Moussa Diop, et tous les autres confr\u00e8res qui ont rendu l\u2019\u00e2me, convaincus des id\u00e9aux qu\u2019ils portaient contre le b\u00e2illonnement de la libert\u00e9, c\u2019est toujours l\u2019occasion d\u2019une pens\u00e9e \u00e9mue en cette journ\u00e9e si particuli\u00e8re. C\u2019est aussi l\u2019endroit de se souvenir de plus de 200 journalistes palestiniens massacr\u00e9s par Isra\u00e9l ; sans oublier \u00e9videmment les m\u00e9dias occidentaux fervents d\u00e9fenseurs de l\u2019ignominie et de la r\u00e9tention d\u00e9lib\u00e9r\u00e9e de l\u2019information.<br \/>\nLes choses ont-elles v\u00e9ritablement chang\u00e9 chez nous depuis lors ? Oui, des am\u00e9liorations sont notoires mais beaucoup de \u00ab manigances \u00bb liberticides persistent encore. L\u2019espoir est surtout fond\u00e9 sur la volont\u00e9 affich\u00e9e par le premier magistrat du pays mais aussi sur le rappel de confr\u00e8res dans l\u2019appareil gouvernemental (tutelle et r\u00e9gulation) pour aider \u00e0 mieux cerner la dialectique des m\u00e9dias.<br \/>\nSi l\u2019on peut aussi admettre, sans fl\u00e9chir, l\u2019anarchie qui caract\u00e9rise le secteur, le d\u00e9ficit de formation et la ru\u00e9e des intrus, la confusion fatale dans le cadre l\u00e9gal et r\u00e8glementaire aggrave et r\u00e9duit le r\u00f4le des m\u00e9dias traditionnels noy\u00e9s dans le tsunami num\u00e9rique des r\u00e9seaux sociaux. A telle enseigne que les m\u00e9dias et les journalistes semblent aujoud\u2019hui, en pratique, payer \u00e0 travers la loi pour les d\u00e9passements observ\u00e9s sur les r\u00e9seaux sociaux.<br \/>\nLa difficult\u00e9 inh\u00e9rente \u00e0 la confusion de genres ne permet pas, dans beaucoup d\u2019esprits peu \u00e9clair\u00e9s, de poser un marqueur sur la fronti\u00e8re entre les diff\u00e9rentes sources d\u2019information. Loin s\u2019en faut. Les pouvoirs publics, non plus, ne font pas, en raison de l\u2019audience spectaculaire des r\u00e9seaux sociaux, la distinction entre les m\u00e9dias traditionnels et les r\u00e9seaux sociaux. Entre journalistes qui observent leur responsabilit\u00e9 sociale et les activistes de la toile qui vivent de la provocation. D\u2019o\u00f9 les interf\u00e9rences entre les champs d\u2019application de la loi sur la libert\u00e9 de presse et la loi sur la cybercriminalit\u00e9 comme le font indistinctement d\u2019ailleurs les lois sur les symboles de 2021 et celle de la lutte contre la cybercriminalit\u00e9, devenue un fourre-tout au nom de la \u00abprotection des symboles nationaux et incrimination des atteintes \u00e0 l\u2019autorit\u00e9 de l\u2019\u00c9tat et \u00e0 l\u2019honneur du citoyen \u00bb. Une \u00e9p\u00e9e de Damocl\u00e8s suspendue sur la t\u00eate du journaliste pour caract\u00e9riser les abus caus\u00e9s par les r\u00e9seaux sociaux. Une confusion fatale pour la libert\u00e9 que le Gouvernement gagnerait \u00e0 r\u00e9viser pour rester en phase avec le d\u00e9sir du pr\u00e9sident qui dans son dernier message \u00e0 l\u2019occasion de cette journ\u00e9e internationale de la presse r\u00e9it\u00e9rait : \u00ab Nous r\u00e9affirmons la poursuite des efforts visant \u00e0 la professionnaliser et \u00e0 la d\u00e9velopper, convaincus de l\u2019importance de son r\u00f4le pionnier dans la formation de la conscience soci\u00e9tale et l\u2019\u00e9veil de l\u2019opinion publique\u201d. Une promesse que souligne ce jour, le ministre de tutelle, Houssein Ould meddou, martelant que \u00ab le Pr\u00e9sident de la R\u00e9publique, M. Mohamed Ould Cheikh El Ghazouani, a fait du renforcement de la libert\u00e9 de la presse et de l\u2019am\u00e9lioration des conditions d\u2019exercice de la profession de journaliste un pilier fondamental de son projet national \u00bb. Alors wait and see.<br \/>\nJD <\/p>\n","protected":false},"excerpt":{"rendered":"<p>La Mauritanie connait un recul dans la libert\u00e9 de presse et d\u2019expression. Le constat \u00e9vident est perceptible dans le dernier classement de RSF 2025 sur la libert\u00e9 des m\u00e9dias dans le monde qui recale notre pays de la de 33\u00e8me \u00e0 50\u00e8me place. Triste constat apr\u00e8s avoir servi de &#8220;bon&#8221; exemple dans notre aire arabe &hellip;<\/p>\n","protected":false},"author":2,"featured_media":15444,"comment_status":"open","ping_status":"open","sticky":false,"template":"","format":"standard","meta":{"footnotes":""},"categories":[18,31],"tags":[],"class_list":["post-15443","post","type-post","status-publish","format-standard","has-post-thumbnail","hentry","category-actualites","category-politique-et-reportages"],"_links":{"self":[{"href":"https:\/\/ladepeche.mr\/index.php?rest_route=\/wp\/v2\/posts\/15443","targetHints":{"allow":["GET"]}}],"collection":[{"href":"https:\/\/ladepeche.mr\/index.php?rest_route=\/wp\/v2\/posts"}],"about":[{"href":"https:\/\/ladepeche.mr\/index.php?rest_route=\/wp\/v2\/types\/post"}],"author":[{"embeddable":true,"href":"https:\/\/ladepeche.mr\/index.php?rest_route=\/wp\/v2\/users\/2"}],"replies":[{"embeddable":true,"href":"https:\/\/ladepeche.mr\/index.php?rest_route=%2Fwp%2Fv2%2Fcomments&post=15443"}],"version-history":[{"count":3,"href":"https:\/\/ladepeche.mr\/index.php?rest_route=\/wp\/v2\/posts\/15443\/revisions"}],"predecessor-version":[{"id":15452,"href":"https:\/\/ladepeche.mr\/index.php?rest_route=\/wp\/v2\/posts\/15443\/revisions\/15452"}],"wp:featuredmedia":[{"embeddable":true,"href":"https:\/\/ladepeche.mr\/index.php?rest_route=\/wp\/v2\/media\/15444"}],"wp:attachment":[{"href":"https:\/\/ladepeche.mr\/index.php?rest_route=%2Fwp%2Fv2%2Fmedia&parent=15443"}],"wp:term":[{"taxonomy":"category","embeddable":true,"href":"https:\/\/ladepeche.mr\/index.php?rest_route=%2Fwp%2Fv2%2Fcategories&post=15443"},{"taxonomy":"post_tag","embeddable":true,"href":"https:\/\/ladepeche.mr\/index.php?rest_route=%2Fwp%2Fv2%2Ftags&post=15443"}],"curies":[{"name":"wp","href":"https:\/\/api.w.org\/{rel}","templated":true}]}}