{"id":15448,"date":"2025-05-03T17:30:09","date_gmt":"2025-05-03T17:30:09","guid":{"rendered":"https:\/\/ladepeche.mr\/?p=15448"},"modified":"2025-05-03T18:13:49","modified_gmt":"2025-05-03T18:13:49","slug":"15448","status":"publish","type":"post","link":"https:\/\/ladepeche.mr\/?p=15448","title":{"rendered":"Nouadhibou: lancement du projet de r\u00e9habilitation et d\u2019extension de l\u2019h\u00f4pital r\u00e9gional"},"content":{"rendered":"<p>Son Excellence le ministre de la Sant\u00e9, M. Abdellahi Sidi Mohamed Ould Weddih, a pr\u00e9sid\u00e9 ce samedi matin \u00e0 Nouadhibou la c\u00e9r\u00e9monie de lancement du projet de r\u00e9habilitation, d\u2019extension et d\u2019\u00e9quipement de l\u2019h\u00f4pital r\u00e9gional, en pr\u00e9sence du ministre de l\u2019Habitat, de l\u2019Urbanisme et de l\u2019Am\u00e9nagement du territoire, ainsi que du wali de Dakhlet Nouadhibou, M. Mahi Hamed.<br \/>\nLe projet s\u2019articule autour de deux volets compl\u00e9mentaires. Le premier, financ\u00e9 par l\u2019\u00c9tat, porte sur la r\u00e9habilitation des infrastructures existantes afin d\u2019en am\u00e9liorer le fonctionnement et de renforcer leur efficacit\u00e9 technique, \u00e0 travers la r\u00e9novation des r\u00e9seaux et des structures de base. Le second, pris en charge par la Fondation caritative de la SNIM, concerne l\u2019extension et l\u2019\u00e9quipement de nouvelles installations selon les normes m\u00e9dicales les plus modernes.<br \/>\nL\u2019extension pr\u00e9voit l\u2019augmentation de la capacit\u00e9 d\u2019accueil de l\u2019\u00e9tablissement ainsi que l\u2019introduction de services sp\u00e9cialis\u00e9s avanc\u00e9s, notamment en cardiologie, portant capacit\u00e9 totale de l\u2019h\u00f4pital \u00e0 260 lits. Ce faisant, il deviendra le premier \u00e9tablissement de cette envergure hors de la capitale, r\u00e9pondant ainsi \u00e0 une demande croissante en services de sant\u00e9 \u00e0 Nouadhibou et dans les r\u00e9gions environnantes.<br \/>\nDans son allocution, le ministre de la Sant\u00e9 a soulign\u00e9 que ce projet s\u2019inscrit dans le cadre des engagements du Pr\u00e9sident de la R\u00e9publique, Monsieur Mohamed Ould Cheikh El Ghazouani, tels qu\u2019exprim\u00e9s dans son programme \u00e9lectoral &#8220;Mes Ambitions pour la patrie&#8221;. Il s\u2019int\u00e8gre \u00e9galement dans la strat\u00e9gie gouvernementale visant \u00e0 promouvoir la d\u00e9centralisation et \u00e0 rapprocher les soins de sant\u00e9 des populations, par la cr\u00e9ation de p\u00f4les sanitaires de r\u00e9f\u00e9rence \u00e0 l\u2019int\u00e9rieur du pays.<br \/>\nLe ministre a par ailleurs \u00e9voqu\u00e9 l\u2019ex\u00e9cution en cours du programme prioritaire pour le d\u00e9veloppement de Nouakchott, qui pr\u00e9voit la construction de 28 nouveaux \u00e9tablissements de sant\u00e9 dans la capitale, ainsi que le programme de d\u00e9veloppement des wilayas de l\u2019int\u00e9rieur, qui comprend la r\u00e9alisation de cinq h\u00f4pitaux et de 236 structures de sant\u00e9 de base, sans compter la r\u00e9habilitation de plusieurs infrastructures existantes, la r\u00e9novation et l\u2019\u00e9quipement de certains h\u00f4pitaux de Nouakchott.<br \/>\nEn ce qui concerne les structures sp\u00e9cialis\u00e9es, il a annonc\u00e9 la construction prochaine du nouveau si\u00e8ge du Laboratoire national de contr\u00f4le de la qualit\u00e9 des m\u00e9dicaments, du si\u00e8ge principal du Centre national de transfusion sanguine, ainsi que la r\u00e9ception imminente du nouveau b\u00e2timent de l\u2019Institut national de recherches en sant\u00e9 publique.<br \/>\n\u00c0 Nouadhibou, le ministre a \u00e9galement fait part du d\u00e9marrage imminent de la premi\u00e8re phase du d\u00e9veloppement des services d&#8217;aide m\u00e9dicale urgente (SAMU). La ville b\u00e9n\u00e9ficiera en outre des prestations de la Caisse Nationale de Solidarit\u00e9 en Sant\u00e9 (CNASS), destin\u00e9 \u00e0 offrir une couverture m\u00e9dicale volontaire aux acteurs de l&#8217;informel.<br \/>\nLe ministre a conclu son intervention en insistant sur l\u2019importance du projet de l\u2019h\u00f4pital r\u00e9gional de Nouadhibou pour renforcer l\u2019offre de soins dans la wilaya et am\u00e9liorer la qualit\u00e9 de l\u2019accueil et de la prise en charge des patients. Il a r\u00e9affirm\u00e9 l\u2019engagement du D\u00e9partement \u00e0 suivre de pr\u00e8s l\u2019ex\u00e9cution des travaux dans les d\u00e9lais impartis et selon les standards techniques requis, adressant ses remerciements \u00e0 l\u2019ensemble des partenaires et acteurs impliqu\u00e9s dans la r\u00e9alisation de ce projet structurant, au premier rang desquels figure la Fondation SNIM.<br \/>\nLa c\u00e9r\u00e9monie s\u2019est d\u00e9roul\u00e9e en pr\u00e9sence du pr\u00e9sident du Conseil r\u00e9gional de Dakhlet Nouadhibou, du maire de la ville, des repr\u00e9sentants des autorit\u00e9s militaires et s\u00e9curitaires, ainsi que de plusieurs cadres des minist\u00e8res de la Sant\u00e9 et de l\u2019Habitat.<br \/>\nSource Minist\u00e8re de la sant\u00e9<\/p>\n","protected":false},"excerpt":{"rendered":"<p>Son Excellence le ministre de la Sant\u00e9, M. Abdellahi Sidi Mohamed Ould Weddih, a pr\u00e9sid\u00e9 ce samedi matin \u00e0 Nouadhibou la c\u00e9r\u00e9monie de lancement du projet de r\u00e9habilitation, d\u2019extension et d\u2019\u00e9quipement de l\u2019h\u00f4pital r\u00e9gional, en pr\u00e9sence du ministre de l\u2019Habitat, de l\u2019Urbanisme et de l\u2019Am\u00e9nagement du territoire, ainsi que du wali de Dakhlet Nouadhibou, M. &hellip;<\/p>\n","protected":false},"author":2,"featured_media":15449,"comment_status":"open","ping_status":"open","sticky":false,"template":"","format":"standard","meta":{"footnotes":""},"categories":[18,27],"tags":[],"class_list":["post-15448","post","type-post","status-publish","format-standard","has-post-thumbnail","hentry","category-actualites","category-sante"],"_links":{"self":[{"href":"https:\/\/ladepeche.mr\/index.php?rest_route=\/wp\/v2\/posts\/15448","targetHints":{"allow":["GET"]}}],"collection":[{"href":"https:\/\/ladepeche.mr\/index.php?rest_route=\/wp\/v2\/posts"}],"about":[{"href":"https:\/\/ladepeche.mr\/index.php?rest_route=\/wp\/v2\/types\/post"}],"author":[{"embeddable":true,"href":"https:\/\/ladepeche.mr\/index.php?rest_route=\/wp\/v2\/users\/2"}],"replies":[{"embeddable":true,"href":"https:\/\/ladepeche.mr\/index.php?rest_route=%2Fwp%2Fv2%2Fcomments&post=15448"}],"version-history":[{"count":4,"href":"https:\/\/ladepeche.mr\/index.php?rest_route=\/wp\/v2\/posts\/15448\/revisions"}],"predecessor-version":[{"id":15456,"href":"https:\/\/ladepeche.mr\/index.php?rest_route=\/wp\/v2\/posts\/15448\/revisions\/15456"}],"wp:featuredmedia":[{"embeddable":true,"href":"https:\/\/ladepeche.mr\/index.php?rest_route=\/wp\/v2\/media\/15449"}],"wp:attachment":[{"href":"https:\/\/ladepeche.mr\/index.php?rest_route=%2Fwp%2Fv2%2Fmedia&parent=15448"}],"wp:term":[{"taxonomy":"category","embeddable":true,"href":"https:\/\/ladepeche.mr\/index.php?rest_route=%2Fwp%2Fv2%2Fcategories&post=15448"},{"taxonomy":"post_tag","embeddable":true,"href":"https:\/\/ladepeche.mr\/index.php?rest_route=%2Fwp%2Fv2%2Ftags&post=15448"}],"curies":[{"name":"wp","href":"https:\/\/api.w.org\/{rel}","templated":true}]}}