{"id":1546,"date":"2022-08-23T10:08:08","date_gmt":"2022-08-23T10:08:08","guid":{"rendered":"https:\/\/ladepeche.mr\/?p=1546"},"modified":"2022-08-23T10:09:20","modified_gmt":"2022-08-23T10:09:20","slug":"lutte-antidjihadiste-le-mali-invite-a-revenir-dans-une-cooperation-militaire","status":"publish","type":"post","link":"https:\/\/ladepeche.mr\/?p=1546","title":{"rendered":"Lutte antidjihadiste: Le Mali invit\u00e9 \u00e0 \u00abrevenir\u00bb dans une coop\u00e9ration militaire"},"content":{"rendered":"<p class=\"p1\"><span class=\"s1\">En mai, les autorit\u00e9s de transition au Mali ont d\u00e9cid\u00e9 de se retirer du G5 Sahel et de sa force conjointe, une alliance militaire luttant contre les groupes djihadistes.<\/span><\/p>\n<p class=\"p2\"><span class=\"s1\">Le Burkina Faso et le Niger, deux pays touch\u00e9s par les violences djihadistes parties du nord Mali en 2013, ont invit\u00e9 lundi Bamako \u00e0 \u00abrevenir assumer ses responsabilit\u00e9s\u00bb, dans le cadre d\u2019une coop\u00e9ration sous-r\u00e9gionale dans la lutte antidjihadiste.<\/span><\/p>\n<p class=\"p2\"><span class=\"s1\">\u00c0 la mi-mai, les autorit\u00e9s de transition au Mali, emp\u00each\u00e9es d\u2019en assurer la pr\u00e9sidence, ont d\u00e9cid\u00e9 de se retirer du G5 Sahel et de sa force conjointe, une alliance militaire luttant contre les groupes djihadistes, invoquant une \u00abperte d\u2019autonomie\u00bb et \u00abune instrumentalisation\u00bb au sein de l\u2019organisation r\u00e9gionale form\u00e9e avec la Mauritanie, le Tchad, le Burkina Faso et le Niger.<\/span><\/p>\n<p class=\"p2\"><span class=\"s1\">\u00abNous avons pass\u00e9 (\u2026) en revue la situation sous-r\u00e9gionale et nous avons pens\u00e9 que le Mali (\u2026) est aujourd\u2019hui le grand absent de la coop\u00e9ration dans le domaine de la d\u00e9fense\u00bb, a d\u00e9clar\u00e9 le ministre de la D\u00e9fense du Niger, Alkassoum Indattou. \u00abIl faut qu\u2019on travaille pour que le Mali puisse revenir et assumer ses responsabilit\u00e9s et jouer son r\u00f4le\u00bb, a-t-il ajout\u00e9.<\/span><\/p>\n<p class=\"p1\"><strong><span class=\"s1\">Attaques djihadistes r\u00e9guli\u00e8res<\/span><\/strong><\/p>\n<p class=\"p2\"><span class=\"s1\">Alkassoum\u00a0Indattou, accompagn\u00e9 de son homologue, le ministre burkinab\u00e8 de la D\u00e9fense, le g\u00e9n\u00e9ral Barth\u00e9lemy Simpor\u00e9, s\u2019exprimait au sortir d\u2019une rencontre avec le pr\u00e9sident de la transition au Burkina Faso, le lieutenant-colonel Paul-Henri Sandaogo.<\/span><\/p>\n<p class=\"p2\"><span class=\"s1\">\u00abAu-del\u00e0 de ces op\u00e9rations, nous envisageons de faire d\u2019une mani\u00e8re plus r\u00e9guli\u00e8re et permanente des op\u00e9rations sur le terrain entre les diff\u00e9rentes forces arm\u00e9es pour faire en sorte qu\u2019elles occupent le terrain, prennent le contr\u00f4le et ne puissent pas laisser un seul centim\u00e8tre, aussi au Niger qu\u2019au Burkina Faso, aux terroristes\u00bb, a affirm\u00e9\u00a0Alkassoum Indattou.<\/span><\/p>\n<p class=\"p2\"><span class=\"s1\">Du 2 au 25\u00a0avril, les soldats des deux arm\u00e9es avaient men\u00e9 une op\u00e9ration conjointe d\u00e9nomm\u00e9e Taanli 3 \u2013 \u00aballiance\u00bb ou \u00abcoh\u00e9sion\u00bb, en langue gulmac\u00e9ma parl\u00e9e dans l\u2019est du Burkina Faso, permettant de neutraliser \u00abune centaine de terroristes\u00bb, selon les deux \u00e9tats-majors.<\/span><\/p>\n<p class=\"p2\"><span class=\"s1\">Le Burkina Faso et son voisin le Niger font face depuis plusieurs ann\u00e9es \u00e0 des attaques djihadistes r\u00e9guli\u00e8res et meurtri\u00e8res attribu\u00e9es \u00e0 des groupes djihadistes affili\u00e9s \u00e0 l\u2019organisation \u00c9tat islamique (EI) et \u00e0 Al-Qa\u00efda. Elles ont fait des milliers de morts dans les deux pays et des centaines de milliers de d\u00e9plac\u00e9s fuyant leurs foyers.<\/span><\/p>\n<p class=\"p2\"><span class=\"s1\">AFP<\/span><\/p>\n","protected":false},"excerpt":{"rendered":"<p>En mai, les autorit\u00e9s de transition au Mali ont d\u00e9cid\u00e9 de se retirer du G5 Sahel et de sa force conjointe, une alliance militaire luttant contre les groupes djihadistes. Le Burkina Faso et le Niger, deux pays touch\u00e9s par les violences djihadistes parties du nord Mali en 2013, ont invit\u00e9 lundi Bamako \u00e0 \u00abrevenir assumer &hellip;<\/p>\n","protected":false},"author":2,"featured_media":1547,"comment_status":"open","ping_status":"open","sticky":false,"template":"","format":"standard","meta":{"footnotes":""},"categories":[18,29,28],"tags":[],"class_list":["post-1546","post","type-post","status-publish","format-standard","has-post-thumbnail","hentry","category-actualites","category-monde","category-sahel"],"_links":{"self":[{"href":"https:\/\/ladepeche.mr\/index.php?rest_route=\/wp\/v2\/posts\/1546","targetHints":{"allow":["GET"]}}],"collection":[{"href":"https:\/\/ladepeche.mr\/index.php?rest_route=\/wp\/v2\/posts"}],"about":[{"href":"https:\/\/ladepeche.mr\/index.php?rest_route=\/wp\/v2\/types\/post"}],"author":[{"embeddable":true,"href":"https:\/\/ladepeche.mr\/index.php?rest_route=\/wp\/v2\/users\/2"}],"replies":[{"embeddable":true,"href":"https:\/\/ladepeche.mr\/index.php?rest_route=%2Fwp%2Fv2%2Fcomments&post=1546"}],"version-history":[{"count":1,"href":"https:\/\/ladepeche.mr\/index.php?rest_route=\/wp\/v2\/posts\/1546\/revisions"}],"predecessor-version":[{"id":1548,"href":"https:\/\/ladepeche.mr\/index.php?rest_route=\/wp\/v2\/posts\/1546\/revisions\/1548"}],"wp:featuredmedia":[{"embeddable":true,"href":"https:\/\/ladepeche.mr\/index.php?rest_route=\/wp\/v2\/media\/1547"}],"wp:attachment":[{"href":"https:\/\/ladepeche.mr\/index.php?rest_route=%2Fwp%2Fv2%2Fmedia&parent=1546"}],"wp:term":[{"taxonomy":"category","embeddable":true,"href":"https:\/\/ladepeche.mr\/index.php?rest_route=%2Fwp%2Fv2%2Fcategories&post=1546"},{"taxonomy":"post_tag","embeddable":true,"href":"https:\/\/ladepeche.mr\/index.php?rest_route=%2Fwp%2Fv2%2Ftags&post=1546"}],"curies":[{"name":"wp","href":"https:\/\/api.w.org\/{rel}","templated":true}]}}