{"id":15465,"date":"2025-05-04T15:53:51","date_gmt":"2025-05-04T15:53:51","guid":{"rendered":"https:\/\/ladepeche.mr\/?p=15465"},"modified":"2025-05-04T15:53:51","modified_gmt":"2025-05-04T15:53:51","slug":"on-tue-des-enfants-pour-rien-des-dizaines-de-milliers-disraeliens-manifestent-contre-la-guerre-a-gaza","status":"publish","type":"post","link":"https:\/\/ladepeche.mr\/?p=15465","title":{"rendered":"\u00abOn tue des enfants pour rien\u00bb: des dizaines de milliers d&#8217;Isra\u00e9liens manifestent contre la guerre \u00e0 Gaza"},"content":{"rendered":"<p>Alors qu&#8217;Isra\u00ebl a annonc\u00e9 le rappel de plusieurs dizaines de milliers de soldats r\u00e9servistes en vue d&#8217;une possible extension de son offensive \u00e0 Gaza samedi 3 mai, de nombreux Isra\u00e9liens manifestaient, comme chaque semaine, au m\u00eame moment pour demander \u00e0 ce que tout soit fait pour lib\u00e9rer les otages toujours retenus dans l&#8217;enclave. Parmi eux se trouvaient aussi quelques centaines d&#8217;hommes et de femmes venus se recueillir en silence, des photos d&#8217;enfants gazaouis \u00e0 la main.<\/p>\n<p>Dans les rues de Tel-Aviv o\u00f9 des dizaines de milliers de manifestants se sont r\u00e9unis, samedi 3 mai, un air de musique s&#8217;\u00e9l\u00e8ve pour les otages isra\u00e9liens toujours retenus dans la bande de Gaza. L&#8217;enclave n&#8217;est qu&#8217;\u00e0 une soixantaine de kilom\u00e8tres de l\u00e0. Comme tous les samedis, les captifs isra\u00e9liens sont ici dans tous les esprits. Et les Gazaouis aussi, de plus en plus.<\/p>\n<p>Ya\u00ebl est institutrice \u00e0 la retraite. Comme des centaines d&#8217;Isra\u00e9liens, elle brandit en silence un portrait d&#8217;enfant palestinien tu\u00e9 par des bombes isra\u00e9liennes : \u00ab L\u00e0, c&#8217;est une petite fille. Elle a exist\u00e9, mais elle n&#8217;est plus de ce monde d\u00e9sormais. Elle a \u00e9t\u00e9 tu\u00e9e le 17 avril \u00e0 Jabalia. C&#8217;est tr\u00e8s important pour moi que tout le monde sache qu&#8217;on tue des enfants pour rien. Juste pour que le gouvernement reste au pouvoir \u00bb.<\/p>\n<p>Un jeune homme patiente. Il demande \u00e0 prendre la parole. Il dit avoir 18 ans : \u00ab J&#8217;esp\u00e8re qu&#8217;un jour, je vivrai en paix avec mes voisins. J&#8217;aimerais qu&#8217;on ait, un jour, un seul pays pour tous, o\u00f9 l&#8217;on puisse vivre en paix : juifs, musulmans et chr\u00e9tiens. J&#8217;ai choisi de ne pas servir dans l&#8217;arm\u00e9e, parce qu&#8217;aller \u00e0 l&#8217;arm\u00e9e, \u00e7a voudrait dire, selon moi, \u00eatre en situation de devoir tuer des b\u00e9b\u00e9s \u00bb.<\/p>\n<p>Un autre cort\u00e8ge arrive : il s&#8217;agit d&#8217;une manifestation contre le gouvernement de Benyamin Netanyahu. \u00c0 la vue des photos d&#8217;enfants de Gaza, les tambours se taisent. Un hommage silencieux qui en dit long sur les doutes et l&#8217;\u00e9motion que commencent \u00e0 s&#8217;autoriser \u00e0 exprimer les Isra\u00e9liens.<br \/>\nRfi.fr<br \/>\nPhoto Google<\/p>\n","protected":false},"excerpt":{"rendered":"<p>Alors qu&#8217;Isra\u00ebl a annonc\u00e9 le rappel de plusieurs dizaines de milliers de soldats r\u00e9servistes en vue d&#8217;une possible extension de son offensive \u00e0 Gaza samedi 3 mai, de nombreux Isra\u00e9liens manifestaient, comme chaque semaine, au m\u00eame moment pour demander \u00e0 ce que tout soit fait pour lib\u00e9rer les otages toujours retenus dans l&#8217;enclave. Parmi eux &hellip;<\/p>\n","protected":false},"author":2,"featured_media":7697,"comment_status":"open","ping_status":"open","sticky":false,"template":"","format":"standard","meta":{"footnotes":""},"categories":[18,29],"tags":[],"class_list":["post-15465","post","type-post","status-publish","format-standard","has-post-thumbnail","hentry","category-actualites","category-monde"],"_links":{"self":[{"href":"https:\/\/ladepeche.mr\/index.php?rest_route=\/wp\/v2\/posts\/15465","targetHints":{"allow":["GET"]}}],"collection":[{"href":"https:\/\/ladepeche.mr\/index.php?rest_route=\/wp\/v2\/posts"}],"about":[{"href":"https:\/\/ladepeche.mr\/index.php?rest_route=\/wp\/v2\/types\/post"}],"author":[{"embeddable":true,"href":"https:\/\/ladepeche.mr\/index.php?rest_route=\/wp\/v2\/users\/2"}],"replies":[{"embeddable":true,"href":"https:\/\/ladepeche.mr\/index.php?rest_route=%2Fwp%2Fv2%2Fcomments&post=15465"}],"version-history":[{"count":1,"href":"https:\/\/ladepeche.mr\/index.php?rest_route=\/wp\/v2\/posts\/15465\/revisions"}],"predecessor-version":[{"id":15466,"href":"https:\/\/ladepeche.mr\/index.php?rest_route=\/wp\/v2\/posts\/15465\/revisions\/15466"}],"wp:featuredmedia":[{"embeddable":true,"href":"https:\/\/ladepeche.mr\/index.php?rest_route=\/wp\/v2\/media\/7697"}],"wp:attachment":[{"href":"https:\/\/ladepeche.mr\/index.php?rest_route=%2Fwp%2Fv2%2Fmedia&parent=15465"}],"wp:term":[{"taxonomy":"category","embeddable":true,"href":"https:\/\/ladepeche.mr\/index.php?rest_route=%2Fwp%2Fv2%2Fcategories&post=15465"},{"taxonomy":"post_tag","embeddable":true,"href":"https:\/\/ladepeche.mr\/index.php?rest_route=%2Fwp%2Fv2%2Ftags&post=15465"}],"curies":[{"name":"wp","href":"https:\/\/api.w.org\/{rel}","templated":true}]}}