{"id":15477,"date":"2025-05-05T17:44:58","date_gmt":"2025-05-05T17:44:58","guid":{"rendered":"https:\/\/ladepeche.mr\/?p=15477"},"modified":"2025-05-05T17:46:00","modified_gmt":"2025-05-05T17:46:00","slug":"le-ministre-delegue-charge-du-budget-se-reunit-avec-une-reunion-avec-une-mission-du-fmi","status":"publish","type":"post","link":"https:\/\/ladepeche.mr\/?p=15477","title":{"rendered":"Le ministre d\u00e9l\u00e9gu\u00e9 charg\u00e9 du budget se r\u00e9unit avec une r\u00e9union avec une mission du FMI"},"content":{"rendered":"<p>Le ministre d\u00e9l\u00e9gu\u00e9 aupr\u00e8s du ministre de l\u2019Economie et des Finances charg\u00e9 du budget , M. Codioro N\u2019guenore Moussa, a tenu, lundi \u00e0 Nouakchott, une r\u00e9union de travail avec une mission du FMI pour discuter du plan d\u2019am\u00e9lioration de la gestion fiscale et douani\u00e8re des entreprises exer\u00e7ant dans la zone franche de Nouadhibou.<\/p>\n<p>Ont pris part \u00e0 cette r\u00e9union, M. Saadbouh Regad, conseiller, par int\u00e9rim, directeur de cabinet du ministre, Mme Naha Lebatt, conseill\u00e8re du ministre, M. Khaled Saleck , DG de la douane, M. Ely Teiss, DG des imp\u00f4ts et M. Ball Housseinou, repr\u00e9sentant de la zone franche de Nouadhibou.<br \/>\nAmi<\/p>\n","protected":false},"excerpt":{"rendered":"<p>Le ministre d\u00e9l\u00e9gu\u00e9 aupr\u00e8s du ministre de l\u2019Economie et des Finances charg\u00e9 du budget , M. Codioro N\u2019guenore Moussa, a tenu, lundi \u00e0 Nouakchott, une r\u00e9union de travail avec une mission du FMI pour discuter du plan d\u2019am\u00e9lioration de la gestion fiscale et douani\u00e8re des entreprises exer\u00e7ant dans la zone franche de Nouadhibou. Ont pris &hellip;<\/p>\n","protected":false},"author":2,"featured_media":15479,"comment_status":"open","ping_status":"open","sticky":false,"template":"","format":"standard","meta":{"footnotes":""},"categories":[18,2],"tags":[],"class_list":["post-15477","post","type-post","status-publish","format-standard","has-post-thumbnail","hentry","category-actualites","category-economie"],"_links":{"self":[{"href":"https:\/\/ladepeche.mr\/index.php?rest_route=\/wp\/v2\/posts\/15477","targetHints":{"allow":["GET"]}}],"collection":[{"href":"https:\/\/ladepeche.mr\/index.php?rest_route=\/wp\/v2\/posts"}],"about":[{"href":"https:\/\/ladepeche.mr\/index.php?rest_route=\/wp\/v2\/types\/post"}],"author":[{"embeddable":true,"href":"https:\/\/ladepeche.mr\/index.php?rest_route=\/wp\/v2\/users\/2"}],"replies":[{"embeddable":true,"href":"https:\/\/ladepeche.mr\/index.php?rest_route=%2Fwp%2Fv2%2Fcomments&post=15477"}],"version-history":[{"count":1,"href":"https:\/\/ladepeche.mr\/index.php?rest_route=\/wp\/v2\/posts\/15477\/revisions"}],"predecessor-version":[{"id":15478,"href":"https:\/\/ladepeche.mr\/index.php?rest_route=\/wp\/v2\/posts\/15477\/revisions\/15478"}],"wp:featuredmedia":[{"embeddable":true,"href":"https:\/\/ladepeche.mr\/index.php?rest_route=\/wp\/v2\/media\/15479"}],"wp:attachment":[{"href":"https:\/\/ladepeche.mr\/index.php?rest_route=%2Fwp%2Fv2%2Fmedia&parent=15477"}],"wp:term":[{"taxonomy":"category","embeddable":true,"href":"https:\/\/ladepeche.mr\/index.php?rest_route=%2Fwp%2Fv2%2Fcategories&post=15477"},{"taxonomy":"post_tag","embeddable":true,"href":"https:\/\/ladepeche.mr\/index.php?rest_route=%2Fwp%2Fv2%2Ftags&post=15477"}],"curies":[{"name":"wp","href":"https:\/\/api.w.org\/{rel}","templated":true}]}}