{"id":1549,"date":"2022-08-23T17:25:07","date_gmt":"2022-08-23T17:25:07","guid":{"rendered":"https:\/\/ladepeche.mr\/?p=1549"},"modified":"2022-08-24T08:48:59","modified_gmt":"2022-08-24T08:48:59","slug":"mauritanie-la-crise-sociale-se-decante-a-moov-mauritel","status":"publish","type":"post","link":"https:\/\/ladepeche.mr\/?p=1549","title":{"rendered":"Mauritanie: la crise sociale se d\u00e9cante \u00e0 Moov Mauritel"},"content":{"rendered":"<p class=\"p1\"><span class=\"s1\">La poire semble avoir \u00e9t\u00e9 coup\u00e9e en deux dans les n\u00e9gociations finalement engag\u00e9es entre les d\u00e9l\u00e9gu\u00e9s du personnel et les responsables de la soci\u00e9t\u00e9 Moov Mauritel. <\/span><\/p>\n<p class=\"p1\"><span class=\"s1\">Un accord qui scelle la reprise du travail des employ\u00e9s qui mena\u00e7aient de poursuivre leur gr\u00e8ve si l\u2019entreprise continuait d\u2019ignorer leurs dol\u00e9ances. Les d\u00e9l\u00e9gu\u00e9s du personnel avaient d\u2019ailleurs brandi un dernier ultimatum pour notifier \u00e0 la direction g\u00e9n\u00e9rale de l\u2019entreprise un nouveau pr\u00e9avis de gr\u00e8ve \u00e0 partir du 1er septembre prochain.<\/span><\/p>\n<p class=\"p1\"><span class=\"s1\">Mais aujourd\u2019hui cela semble d\u00e9sormais hors de propos car le nouvel accord qui satisfait \u00e0 50% de certaines dol\u00e9ances sensibles comme la prime d\u2019habitat, de transport, des primes de f\u00eate ou encore de scolarisation des enfants des employ\u00e9s. L\u2019accord pr\u00e9voit, par ailleurs, des augmentations sur salaire de 10% et 30% pour les frais de r\u00e9fectoire.<\/span><\/p>\n<p class=\"p1\"><span class=\"s1\">Cet accord sign\u00e9 entre les partenaires sociaux aurait \u00e9t\u00e9 facilit\u00e9 par l\u2019administration du travail.<\/span><\/p>\n","protected":false},"excerpt":{"rendered":"<p>La poire semble avoir \u00e9t\u00e9 coup\u00e9e en deux dans les n\u00e9gociations finalement engag\u00e9es entre les d\u00e9l\u00e9gu\u00e9s du personnel et les responsables de la soci\u00e9t\u00e9 Moov Mauritel. Un accord qui scelle la reprise du travail des employ\u00e9s qui mena\u00e7aient de poursuivre leur gr\u00e8ve si l\u2019entreprise continuait d\u2019ignorer leurs dol\u00e9ances. Les d\u00e9l\u00e9gu\u00e9s du personnel avaient d\u2019ailleurs brandi &hellip;<\/p>\n","protected":false},"author":2,"featured_media":1550,"comment_status":"open","ping_status":"open","sticky":false,"template":"","format":"standard","meta":{"footnotes":""},"categories":[18,2],"tags":[],"class_list":["post-1549","post","type-post","status-publish","format-standard","has-post-thumbnail","hentry","category-actualites","category-economie"],"_links":{"self":[{"href":"https:\/\/ladepeche.mr\/index.php?rest_route=\/wp\/v2\/posts\/1549","targetHints":{"allow":["GET"]}}],"collection":[{"href":"https:\/\/ladepeche.mr\/index.php?rest_route=\/wp\/v2\/posts"}],"about":[{"href":"https:\/\/ladepeche.mr\/index.php?rest_route=\/wp\/v2\/types\/post"}],"author":[{"embeddable":true,"href":"https:\/\/ladepeche.mr\/index.php?rest_route=\/wp\/v2\/users\/2"}],"replies":[{"embeddable":true,"href":"https:\/\/ladepeche.mr\/index.php?rest_route=%2Fwp%2Fv2%2Fcomments&post=1549"}],"version-history":[{"count":2,"href":"https:\/\/ladepeche.mr\/index.php?rest_route=\/wp\/v2\/posts\/1549\/revisions"}],"predecessor-version":[{"id":1552,"href":"https:\/\/ladepeche.mr\/index.php?rest_route=\/wp\/v2\/posts\/1549\/revisions\/1552"}],"wp:featuredmedia":[{"embeddable":true,"href":"https:\/\/ladepeche.mr\/index.php?rest_route=\/wp\/v2\/media\/1550"}],"wp:attachment":[{"href":"https:\/\/ladepeche.mr\/index.php?rest_route=%2Fwp%2Fv2%2Fmedia&parent=1549"}],"wp:term":[{"taxonomy":"category","embeddable":true,"href":"https:\/\/ladepeche.mr\/index.php?rest_route=%2Fwp%2Fv2%2Fcategories&post=1549"},{"taxonomy":"post_tag","embeddable":true,"href":"https:\/\/ladepeche.mr\/index.php?rest_route=%2Fwp%2Fv2%2Ftags&post=1549"}],"curies":[{"name":"wp","href":"https:\/\/api.w.org\/{rel}","templated":true}]}}