{"id":15495,"date":"2025-05-06T14:30:28","date_gmt":"2025-05-06T14:30:28","guid":{"rendered":"https:\/\/ladepeche.mr\/?p=15495"},"modified":"2025-05-06T14:03:50","modified_gmt":"2025-05-06T14:03:50","slug":"secousse-tellurique-de-magnitude-46-dans-la-region-de-marrakech","status":"publish","type":"post","link":"https:\/\/ladepeche.mr\/?p=15495","title":{"rendered":"Secousse tellurique de magnitude 4,6 dans la r\u00e9gion de Marrakech"},"content":{"rendered":"<p>Les centres mondiaux de surveillance sismique ont fait \u00e9tat d\u2019un s\u00e9isme d\u2019une magnitude de 4,6 sur l\u2019\u00e9chelle de Richter enregistr\u00e9 ce mardi dans la r\u00e9gion de Marrakech-Safi.<\/p>\n<p>La secousse a \u00e9t\u00e9 ressentie \u00e0 32 kilom\u00e8tres au sud-ouest de Mechouar-Kasbah, r\u00e9gion Marrakech-Safi, \u00e0 12h22 heure du Maroc.<\/p>\n<p>The post Secousse tellurique de magnitude 4,6 dans la r\u00e9gion de Marrakech appeared first on Hespress Fran\u00e7ais &#8211; Actualit\u00e9s du Maroc via msn.com<\/p>\n","protected":false},"excerpt":{"rendered":"<p>Les centres mondiaux de surveillance sismique ont fait \u00e9tat d\u2019un s\u00e9isme d\u2019une magnitude de 4,6 sur l\u2019\u00e9chelle de Richter enregistr\u00e9 ce mardi dans la r\u00e9gion de Marrakech-Safi. La secousse a \u00e9t\u00e9 ressentie \u00e0 32 kilom\u00e8tres au sud-ouest de Mechouar-Kasbah, r\u00e9gion Marrakech-Safi, \u00e0 12h22 heure du Maroc. The post Secousse tellurique de magnitude 4,6 dans la &hellip;<\/p>\n","protected":false},"author":2,"featured_media":15496,"comment_status":"open","ping_status":"open","sticky":false,"template":"","format":"standard","meta":{"footnotes":""},"categories":[18,29],"tags":[],"class_list":["post-15495","post","type-post","status-publish","format-standard","has-post-thumbnail","hentry","category-actualites","category-monde"],"_links":{"self":[{"href":"https:\/\/ladepeche.mr\/index.php?rest_route=\/wp\/v2\/posts\/15495","targetHints":{"allow":["GET"]}}],"collection":[{"href":"https:\/\/ladepeche.mr\/index.php?rest_route=\/wp\/v2\/posts"}],"about":[{"href":"https:\/\/ladepeche.mr\/index.php?rest_route=\/wp\/v2\/types\/post"}],"author":[{"embeddable":true,"href":"https:\/\/ladepeche.mr\/index.php?rest_route=\/wp\/v2\/users\/2"}],"replies":[{"embeddable":true,"href":"https:\/\/ladepeche.mr\/index.php?rest_route=%2Fwp%2Fv2%2Fcomments&post=15495"}],"version-history":[{"count":1,"href":"https:\/\/ladepeche.mr\/index.php?rest_route=\/wp\/v2\/posts\/15495\/revisions"}],"predecessor-version":[{"id":15497,"href":"https:\/\/ladepeche.mr\/index.php?rest_route=\/wp\/v2\/posts\/15495\/revisions\/15497"}],"wp:featuredmedia":[{"embeddable":true,"href":"https:\/\/ladepeche.mr\/index.php?rest_route=\/wp\/v2\/media\/15496"}],"wp:attachment":[{"href":"https:\/\/ladepeche.mr\/index.php?rest_route=%2Fwp%2Fv2%2Fmedia&parent=15495"}],"wp:term":[{"taxonomy":"category","embeddable":true,"href":"https:\/\/ladepeche.mr\/index.php?rest_route=%2Fwp%2Fv2%2Fcategories&post=15495"},{"taxonomy":"post_tag","embeddable":true,"href":"https:\/\/ladepeche.mr\/index.php?rest_route=%2Fwp%2Fv2%2Ftags&post=15495"}],"curies":[{"name":"wp","href":"https:\/\/api.w.org\/{rel}","templated":true}]}}