{"id":15498,"date":"2025-05-06T15:15:10","date_gmt":"2025-05-06T15:15:10","guid":{"rendered":"https:\/\/ladepeche.mr\/?p=15498"},"modified":"2025-05-06T14:07:03","modified_gmt":"2025-05-06T14:07:03","slug":"gabon-oligui-nguema-nomme-son-premier-gouvernement","status":"publish","type":"post","link":"https:\/\/ladepeche.mr\/?p=15498","title":{"rendered":"Gabon : Oligui Nguema nomme son premier gouvernement"},"content":{"rendered":"<p>Le pr\u00e9sident gabonais, investi le 3 mai, a annonc\u00e9 ce lundi la composition de son gouvernement, qui inclut plusieurs personnalit\u00e9s venant du secteur \u00e9conomique et de la soci\u00e9t\u00e9 civile. Cette nouvelle \u00e9quipe refl\u00e8te la volont\u00e9 des autorit\u00e9s de r\u00e9former l&#8217;action publique.<\/p>\n<p>\u00c0 peine deux jours apr\u00e8s son investiture, le g\u00e9n\u00e9ral Brice Clotaire Oligui Nguema a proc\u00e9d\u00e9, par d\u00e9cret, \u00e0 la nomination des membres du premier gouvernement de la Ve R\u00e9publique gabonaise. Cette d\u00e9claration, faite par le Secr\u00e9taire g\u00e9n\u00e9ral de la Pr\u00e9sidence, marque un tournant dans le processus de transition politique amorc\u00e9 apr\u00e8s le coup d&#8217;\u00c9tat d&#8217;ao\u00fbt 2023.<\/p>\n<p>S\u00e9raphin Moundounga a \u00e9t\u00e9 d\u00e9sign\u00e9 vice-pr\u00e9sident de la R\u00e9publique, tandis qu&#8217;Alexandre Barro Chambrier a \u00e9t\u00e9 nomm\u00e9 vice-pr\u00e9sident du gouvernement.<\/p>\n<p>Les ministres cl\u00e9s comprennent Henri-Claude Oyima, ministre d&#8217;\u00c9tat en charge de l&#8217;\u00c9conomie, des Finances, de la Dette et des Participations, responsable de la lutte contre la vie ch\u00e8re, ainsi que Cam\u00e9lia Ntoutoume-Leclercq, ministre d&#8217;\u00c9tat pour l&#8217;\u00c9ducation nationale, l&#8217;Instruction civique et la Formation professionnelle.<\/p>\n<p>Ulrich Manfoumbi Manfoumbi est responsable des Transports, de la Marine marchande et de la Logistique, alors que Fran\u00e7ois Ndong Obiang s&#8217;occupe des R\u00e9formes et des Relations avec les Institutions. R\u00e9gis Onanga Ndiaye conserve le portefeuille des Affaires \u00e9trang\u00e8res, en charge \u00e9galement de l&#8217;Int\u00e9gration et de la Diaspora.<\/p>\n<p>D&#8217;autres ministres notables incluent Brigitte Onkanowa, ministre de la D\u00e9fense nationale, et Hermann Immongault, \u00e0 la t\u00eate de l&#8217;Int\u00e9rieur, de la S\u00e9curit\u00e9 et de la D\u00e9centralisation. S\u00e9raphin Akure Davin est nomm\u00e9 ministre de la Justice et des Droits humains.<\/p>\n<p>De plus, Philippe Tonangoye s&#8217;occupera de l&#8217;Acc\u00e8s universel \u00e0 l&#8217;Eau et \u00e0 l&#8217;\u00c9nergie, tandis que Paul-Marie Gondjout dirigera le minist\u00e8re de la Communication et des M\u00e9dias. Maurice Ntossui Allogo est charg\u00e9 des Eaux et For\u00eats, en lien avec la gestion des conflits entre l&#8217;homme et la faune.<\/p>\n<p>Mays Mouissi occupera le poste de ministre de l&#8217;Environnement et de l&#8217;\u00c9cologie, et Laurence Mengue Me Nzoghe, \u00e9pouse Ndong, sera ministre de la Mer, de la P\u00eache et de l&#8217;\u00c9conomie bleue tout en \u00e9tant porte-parole du gouvernement. Gilles Nemb\u00e9 est d\u00e9sign\u00e9 ministre des Mines et des Ressources g\u00e9ologiques, et Sosth\u00e8ne Nguema Nguema prendra en charge le minist\u00e8re du P\u00e9trole et du Gaz.<\/p>\n<p>La Sant\u00e9 sera sous la responsabilit\u00e9 du professeur Adrien Mougougou, tandis que Ludovic Meni\u00e9 sera ministre du Logement, de l&#8217;Urbanisme et du Cadastre. Pascal Ogowet Siffon dirigera le minist\u00e8re du Tourisme durable et de l&#8217;Artisanat, alors que Louise Mboumba Mbina sera en charge de la Planification et de la Prospective.<\/p>\n<p>Nadine Awanang, \u00e9pouse Anato, s\u2019occupera des Affaires sociales et de l&#8217;Inclusion, tandis que Simplice-D\u00e9sir\u00e9 Mamboundou dirigera l&#8217;Enseignement sup\u00e9rieur et la Recherche scientifique. Marcelle Ibinga, \u00e9pouse Itsitsa, sera \u00e0 la Fonction publique et au Renforcement des capacit\u00e9s, tandis que Patrick Barbera-Isaac prendra en main le Travail, le Plein emploi et le Dialogue social.<\/p>\n<p>Le secteur de l&#8217;Industrie et de la Transformation locale sera dirig\u00e9 par Ma\u00eetre Lubin Ntoutoume, \u00c9douard Mukendi sera responsable des Travaux publics et de la Construction, et Mark Doumba est nomm\u00e9 ministre de l&#8217;\u00c9conomie num\u00e9rique, de la Digitalisation et de l&#8217;Innovation.<\/p>\n<p>Enfin, Zenab Nyingha Chani supervisera l&#8217;Entrepreneuriat, le Commerce et les PME-PMI, tandis qu&#8217;Odette Polo, \u00e9pouse Panzou, prendra en charge l&#8217;Agriculture, l&#8217;\u00c9levage et le D\u00e9veloppement rural. \u00c9lodie Diane Fouefou\u00e9, \u00e9pouse Sandjoh, occupera le poste de ministre de la Femme, de la Famille et de la Protection de l&#8217;Enfance. Le docteur Armande Longo Moulengui a \u00e9t\u00e9 d\u00e9sign\u00e9e ministre de la Jeunesse, des Sports, du Rayonnement culturel et des Arts, en charge de la Vie associative.<br \/>\nhttps:\/\/www.msn.com\/fr-xl\/actualite\/other\/gabon-oligui-nguema-nomme-son-premier-gouvernement\/ar-AA1EeXyj?ocid=msedgntp&#038;pc=U531&#038;cvid=af54963590c74481a8b7b8b0492a235b&#038;ei=19<\/p>\n","protected":false},"excerpt":{"rendered":"<p>Le pr\u00e9sident gabonais, investi le 3 mai, a annonc\u00e9 ce lundi la composition de son gouvernement, qui inclut plusieurs personnalit\u00e9s venant du secteur \u00e9conomique et de la soci\u00e9t\u00e9 civile. Cette nouvelle \u00e9quipe refl\u00e8te la volont\u00e9 des autorit\u00e9s de r\u00e9former l&#8217;action publique. \u00c0 peine deux jours apr\u00e8s son investiture, le g\u00e9n\u00e9ral Brice Clotaire Oligui Nguema a &hellip;<\/p>\n","protected":false},"author":2,"featured_media":15499,"comment_status":"open","ping_status":"open","sticky":false,"template":"","format":"standard","meta":{"footnotes":""},"categories":[18,29],"tags":[],"class_list":["post-15498","post","type-post","status-publish","format-standard","has-post-thumbnail","hentry","category-actualites","category-monde"],"_links":{"self":[{"href":"https:\/\/ladepeche.mr\/index.php?rest_route=\/wp\/v2\/posts\/15498","targetHints":{"allow":["GET"]}}],"collection":[{"href":"https:\/\/ladepeche.mr\/index.php?rest_route=\/wp\/v2\/posts"}],"about":[{"href":"https:\/\/ladepeche.mr\/index.php?rest_route=\/wp\/v2\/types\/post"}],"author":[{"embeddable":true,"href":"https:\/\/ladepeche.mr\/index.php?rest_route=\/wp\/v2\/users\/2"}],"replies":[{"embeddable":true,"href":"https:\/\/ladepeche.mr\/index.php?rest_route=%2Fwp%2Fv2%2Fcomments&post=15498"}],"version-history":[{"count":1,"href":"https:\/\/ladepeche.mr\/index.php?rest_route=\/wp\/v2\/posts\/15498\/revisions"}],"predecessor-version":[{"id":15500,"href":"https:\/\/ladepeche.mr\/index.php?rest_route=\/wp\/v2\/posts\/15498\/revisions\/15500"}],"wp:featuredmedia":[{"embeddable":true,"href":"https:\/\/ladepeche.mr\/index.php?rest_route=\/wp\/v2\/media\/15499"}],"wp:attachment":[{"href":"https:\/\/ladepeche.mr\/index.php?rest_route=%2Fwp%2Fv2%2Fmedia&parent=15498"}],"wp:term":[{"taxonomy":"category","embeddable":true,"href":"https:\/\/ladepeche.mr\/index.php?rest_route=%2Fwp%2Fv2%2Fcategories&post=15498"},{"taxonomy":"post_tag","embeddable":true,"href":"https:\/\/ladepeche.mr\/index.php?rest_route=%2Fwp%2Fv2%2Ftags&post=15498"}],"curies":[{"name":"wp","href":"https:\/\/api.w.org\/{rel}","templated":true}]}}