{"id":15523,"date":"2025-05-06T22:03:48","date_gmt":"2025-05-06T22:03:48","guid":{"rendered":"https:\/\/ladepeche.mr\/?p=15523"},"modified":"2025-05-07T12:37:13","modified_gmt":"2025-05-07T12:37:13","slug":"le-ministre-de-leconomie-et-des-finances-signe-une-convention-de-financement-pour-la-phase-ii-du-projet-delectrification-rurale","status":"publish","type":"post","link":"https:\/\/ladepeche.mr\/?p=15523","title":{"rendered":"Signature d&#8217;une convention de financement pour la Phase II du projet d&#8217;\u00e9lectrification rurale*"},"content":{"rendered":"<p>Son Excellence le ministre de l\u2019\u00c9conomie et des Finances, M. Sid&#8217;Ahmed Ould Bouh, et SEM. Alexandre Garcia, ambassadeur de France en Mauritanie, ont sign\u00e9 mardi apr\u00e8s-midi \u00e0 Nouakchott une convention de financement pour la deuxi\u00e8me phase du projet d\u2019\u00e9lectrification rurale dans le sud-est du pays.  <\/p>\n<p>Ce partenariat, qui b\u00e9n\u00e9ficie d\u2019une subvention conjointe de dix millions d\u2019euros (environ 430 millions d\u2019ouguiyas) de l\u2019Agence fran\u00e7aise de d\u00e9veloppement (AFD) et de l\u2019Union europ\u00e9enne, vise \u00e0 renforcer l\u2019acc\u00e8s \u00e0 l\u2019\u00e9nergie en Mauritanie, notamment dans les zones sud-est non connect\u00e9es au r\u00e9seau national, couvrant les wilayas du Hodh El Gharbi et du Hodh El Chargui.  <\/p>\n<p>Dans son allocution, le ministre de l\u2019\u00c9conomie et des Finances a soulign\u00e9 que cette phase du projet se concentrera sur le renforcement des capacit\u00e9s des centrales solaires existantes et le d\u00e9veloppement de mini-r\u00e9seaux de distribution. Les travaux pr\u00e9voient notamment l\u2019extension de 120 km de lignes basse tension et 150 km de lignes moyenne tension, ainsi que la construction de 30 postes de transformation suppl\u00e9mentaires.  <\/p>\n<p>Il a \u00e9galement indiqu\u00e9 que ce projet permettra de connecter 20 villages suppl\u00e9mentaires aux mini-r\u00e9seaux et d\u2019augmenter la capacit\u00e9 des centrales solaires de 0,8 m\u00e9gawatts, fournissant ainsi une \u00e9lectricit\u00e9 durable \u00e0 dix mille personnes de plus.  <\/p>\n<p>Pour sa part, l\u2019ambassadeur de France a r\u00e9affirm\u00e9 que ce projet illustre la solidit\u00e9 de la coop\u00e9ration entre les deux pays, soulignant que l\u2019acc\u00e8s \u00e0 l\u2019\u00e9lectricit\u00e9 constitue un pilier essentiel du d\u00e9veloppement. Il a \u00e9galement \u00e9voqu\u00e9 d\u2019autres initiatives soutenues par la France en Mauritanie.  <\/p>\n<p>De son c\u00f4t\u00e9, M. Joaqu\u00edn Tasso Villalonga, ambassadeur de l\u2019Union europ\u00e9enne en Mauritanie, a salu\u00e9 la collaboration \u00e9troite entre le gouvernement mauritanien, la Soci\u00e9t\u00e9 mauritanienne d\u2019\u00e9lectricit\u00e9 (Somelec), l\u2019AFD et l\u2019UE. Il a rappel\u00e9 que ce projet s\u2019inscrit dans l\u2019esprit de \u00ab Team Europe \u00bb, engag\u00e9e en Mauritanie en faveur d\u2019une transition vers une \u00e9conomie verte et inclusive, reposant sur les \u00e9nergies renouvelables et un d\u00e9veloppement socio-\u00e9conomique durable.  <\/p>\n<p>Ce projet s\u2019inscrit dans la dynamique engag\u00e9e ces derni\u00e8res ann\u00e9es visant \u00e0 renforcer les infrastructures de soutien \u00e0 la croissance et \u00e0 am\u00e9liorer l\u2019acc\u00e8s des populations les plus vuln\u00e9rables aux services essentiels. Il concr\u00e9tise ainsi les engagements de Son Excellence le Pr\u00e9sident de la R\u00e9publique, Monsieur Mohamed Ould Cheikh El Ghazouani, dont le gouvernement du Premier ministre, Monsieur Mokhtar Ould Diay, s&#8217;emploie \u00e0 la mise en \u0153uvre de programmes ambitieux dans les milieux ruraux, urbains et p\u00e9riurbains, couvrant les infrastructures de service et les \u00e9quipements publics.  <\/p>\n<p>La c\u00e9r\u00e9monie de signature s\u2019est d\u00e9roul\u00e9e en pr\u00e9sence de Son Excellence Monsieur Mohamed Ould Khaled, ministre du P\u00e9trole, de l\u2019\u00c9nergie et des Mines, du directeur g\u00e9n\u00e9ral de la Somelec, M. Sidi Ould Salem, du directeur de l\u2019AFD en Mauritanie, ainsi que de plusieurs cadres des secteurs concern\u00e9s.<br \/>\nSource MEF<br \/>\nTitre LDM<\/p>\n","protected":false},"excerpt":{"rendered":"<p>Son Excellence le ministre de l\u2019\u00c9conomie et des Finances, M. Sid&#8217;Ahmed Ould Bouh, et SEM. Alexandre Garcia, ambassadeur de France en Mauritanie, ont sign\u00e9 mardi apr\u00e8s-midi \u00e0 Nouakchott une convention de financement pour la deuxi\u00e8me phase du projet d\u2019\u00e9lectrification rurale dans le sud-est du pays. Ce partenariat, qui b\u00e9n\u00e9ficie d\u2019une subvention conjointe de dix millions &hellip;<\/p>\n","protected":false},"author":2,"featured_media":15524,"comment_status":"open","ping_status":"open","sticky":false,"template":"","format":"standard","meta":{"footnotes":""},"categories":[18,2],"tags":[],"class_list":["post-15523","post","type-post","status-publish","format-standard","has-post-thumbnail","hentry","category-actualites","category-economie"],"_links":{"self":[{"href":"https:\/\/ladepeche.mr\/index.php?rest_route=\/wp\/v2\/posts\/15523","targetHints":{"allow":["GET"]}}],"collection":[{"href":"https:\/\/ladepeche.mr\/index.php?rest_route=\/wp\/v2\/posts"}],"about":[{"href":"https:\/\/ladepeche.mr\/index.php?rest_route=\/wp\/v2\/types\/post"}],"author":[{"embeddable":true,"href":"https:\/\/ladepeche.mr\/index.php?rest_route=\/wp\/v2\/users\/2"}],"replies":[{"embeddable":true,"href":"https:\/\/ladepeche.mr\/index.php?rest_route=%2Fwp%2Fv2%2Fcomments&post=15523"}],"version-history":[{"count":3,"href":"https:\/\/ladepeche.mr\/index.php?rest_route=\/wp\/v2\/posts\/15523\/revisions"}],"predecessor-version":[{"id":15534,"href":"https:\/\/ladepeche.mr\/index.php?rest_route=\/wp\/v2\/posts\/15523\/revisions\/15534"}],"wp:featuredmedia":[{"embeddable":true,"href":"https:\/\/ladepeche.mr\/index.php?rest_route=\/wp\/v2\/media\/15524"}],"wp:attachment":[{"href":"https:\/\/ladepeche.mr\/index.php?rest_route=%2Fwp%2Fv2%2Fmedia&parent=15523"}],"wp:term":[{"taxonomy":"category","embeddable":true,"href":"https:\/\/ladepeche.mr\/index.php?rest_route=%2Fwp%2Fv2%2Fcategories&post=15523"},{"taxonomy":"post_tag","embeddable":true,"href":"https:\/\/ladepeche.mr\/index.php?rest_route=%2Fwp%2Fv2%2Ftags&post=15523"}],"curies":[{"name":"wp","href":"https:\/\/api.w.org\/{rel}","templated":true}]}}