{"id":15526,"date":"2025-05-07T12:02:10","date_gmt":"2025-05-07T12:02:10","guid":{"rendered":"https:\/\/ladepeche.mr\/?p=15526"},"modified":"2025-05-07T12:02:10","modified_gmt":"2025-05-07T12:02:10","slug":"marges-de-verite-le-sesame-du-conseil-des-ministres","status":"publish","type":"post","link":"https:\/\/ladepeche.mr\/?p=15526","title":{"rendered":"&#8220;Marges de v\u00e9rit\u00e9&#8221;: Le s\u00e9same du conseil des ministres"},"content":{"rendered":"<p>Il y a des soirs, dans ce pays au vent lourd, o\u00f9 l\u2019on pourrait croire que le temps lui-m\u00eame a capitul\u00e9. Chaque mercredi, la m\u00eame sc\u00e8ne : des jeunes aux yeux ronds d\u2019esp\u00e9rance, scotch\u00e9s devant le journal t\u00e9l\u00e9vis\u00e9 de la TVM, attendant que le Conseil des ministres leur tende enfin ce bout de papier qui les arracherait \u00e0 l&#8217;oubli. Ils \u00e9coutent, ils comptent, ils esp\u00e8rent. Mais c\u2019est toujours la m\u00eame musique : les m\u00eames noms, servis, resservis, r\u00e9chauff\u00e9s comme un vieux th\u00e9 amer dans une th\u00e9i\u00e8re caboss\u00e9e.<br \/>\nIci, le pouvoir n\u2019a pas de montre, il a un disque ray\u00e9. Ceux qui furent hier les petits marquis du s\u00e9rail, les intendants des salons minist\u00e9riels, les marins d\u2019eau douce de toutes les conf\u00e9rences, sont l\u00e0 aujourd&#8217;hui, et seront encore l\u00e0 demain, sans m\u00eame que le protocole ne s\u2019embarrasse d\u2019un changement d\u2019\u00e9tiquette.<br \/>\nOn appelle cela la \u00ab continuit\u00e9 administrative \u00bb. Eux, ils appellent cela \u00ab le service de l\u2019\u00c9tat \u00bb.<br \/>\nLes autres, les jeunes qu\u2019on flatte dans les discours et qu\u2019on oublie dans les d\u00e9crets, eux, ils appellent cela &#8220;poireauter sous la pluie, sans m\u00eame un parapluie.&#8221;<br \/>\nLe mercredi, donc, devient un rituel : dans les gazra, dans les salons populaires, les oreilles se tendent quand d\u00e9bute la litanie des nominations. \u00c0 chaque fois, c\u2019est l\u2019\u00e9ternel retour : les m\u00eames patronymes, les m\u00eames lign\u00e9es, parfois jusqu\u2019\u00e0 la m\u00eame ponctuation dans l\u2019annonce. La roue tourne, mais elle tourne sur elle-m\u00eame.<br \/>\nIl faudrait un jour inscrire cette capacit\u00e9 d&#8217;hibernation politique au patrimoine immat\u00e9riel du pays : une \u00e9lite qui ne prend pas une ride dans les bureaux, m\u00eame si le monde, lui, file \u00e0 toute allure. Une g\u00e9n\u00e9ration en conserve, qui vieillit sans jamais descendre de la sc\u00e8ne.<br \/>\nEt pendant ce temps, ceux qui n\u2019ont jamais port\u00e9 ni cravate raide ni costume d\u2019apparat, attendent encore leur mercredi. Celui qui viendra peut-\u00eatre, ou pas. Parce qu\u2019ici, le futur n&#8217;est jamais qu&#8217;un vieux pass\u00e9 remis au go\u00fbt du jour.<br \/>\nChronique de Mohamed Ould Echriv Echriv<\/p>\n","protected":false},"excerpt":{"rendered":"<p>Il y a des soirs, dans ce pays au vent lourd, o\u00f9 l\u2019on pourrait croire que le temps lui-m\u00eame a capitul\u00e9. Chaque mercredi, la m\u00eame sc\u00e8ne : des jeunes aux yeux ronds d\u2019esp\u00e9rance, scotch\u00e9s devant le journal t\u00e9l\u00e9vis\u00e9 de la TVM, attendant que le Conseil des ministres leur tende enfin ce bout de papier qui &hellip;<\/p>\n","protected":false},"author":2,"featured_media":15527,"comment_status":"open","ping_status":"open","sticky":false,"template":"","format":"standard","meta":{"footnotes":""},"categories":[18,31],"tags":[],"class_list":["post-15526","post","type-post","status-publish","format-standard","has-post-thumbnail","hentry","category-actualites","category-politique-et-reportages"],"_links":{"self":[{"href":"https:\/\/ladepeche.mr\/index.php?rest_route=\/wp\/v2\/posts\/15526","targetHints":{"allow":["GET"]}}],"collection":[{"href":"https:\/\/ladepeche.mr\/index.php?rest_route=\/wp\/v2\/posts"}],"about":[{"href":"https:\/\/ladepeche.mr\/index.php?rest_route=\/wp\/v2\/types\/post"}],"author":[{"embeddable":true,"href":"https:\/\/ladepeche.mr\/index.php?rest_route=\/wp\/v2\/users\/2"}],"replies":[{"embeddable":true,"href":"https:\/\/ladepeche.mr\/index.php?rest_route=%2Fwp%2Fv2%2Fcomments&post=15526"}],"version-history":[{"count":1,"href":"https:\/\/ladepeche.mr\/index.php?rest_route=\/wp\/v2\/posts\/15526\/revisions"}],"predecessor-version":[{"id":15528,"href":"https:\/\/ladepeche.mr\/index.php?rest_route=\/wp\/v2\/posts\/15526\/revisions\/15528"}],"wp:featuredmedia":[{"embeddable":true,"href":"https:\/\/ladepeche.mr\/index.php?rest_route=\/wp\/v2\/media\/15527"}],"wp:attachment":[{"href":"https:\/\/ladepeche.mr\/index.php?rest_route=%2Fwp%2Fv2%2Fmedia&parent=15526"}],"wp:term":[{"taxonomy":"category","embeddable":true,"href":"https:\/\/ladepeche.mr\/index.php?rest_route=%2Fwp%2Fv2%2Fcategories&post=15526"},{"taxonomy":"post_tag","embeddable":true,"href":"https:\/\/ladepeche.mr\/index.php?rest_route=%2Fwp%2Fv2%2Ftags&post=15526"}],"curies":[{"name":"wp","href":"https:\/\/api.w.org\/{rel}","templated":true}]}}