{"id":15529,"date":"2025-05-07T12:34:54","date_gmt":"2025-05-07T12:34:54","guid":{"rendered":"https:\/\/ladepeche.mr\/?p=15529"},"modified":"2025-05-07T12:35:18","modified_gmt":"2025-05-07T12:35:18","slug":"signature-dune-convention-de-financement-francais-pour-lextension-du-reseau-deau-daftout-essahli","status":"publish","type":"post","link":"https:\/\/ladepeche.mr\/?p=15529","title":{"rendered":"Economie : La France apporte un financement de plus d\u2019un milliard pour l\u2019extention de Aftout Es-Sahili"},"content":{"rendered":"<p>Le ministre mauritanien de l\u2019\u00c9conomie et des Finances,  Sid\u2019Ahmed Ould Bouh, et l&#8217;ambassadeur de France en Mauritanie, SEM. Alexandre Garcia, ont sign\u00e9, mardi \u00e0 Nouakchott, une convention, sous forme de pr\u00eat concessionnel, visant de 43 millions d\u2019euros (1.85 milliard d\u2019ouguiya) pour financer l\u2019extension de la production et du transport du r\u00e9seau d\u2019eau d\u2019Aftout Essahli.<br \/>\nLa signature de cette convention a eu lieu en pr\u00e9sence de Mme Amal Mint Maouloud, ministre de l&#8217;Hydraulique et de l\u2019Assainissement, tutelle du projet en question.<br \/>\nDans un \u00e9change d\u2019allocutions le ministre mauritanien a indiqu\u00e9 que la convention formera un appui aux efforts du gouvernement pour am\u00e9liorer l\u2019acc\u00e8s \u00e0 l\u2019eau potable, au moment o\u00f9 la pouss\u00e9e d\u00e9mographique dans la capitale accentue la pression sur la demande alors que les infrastructures existantes sont vieillissantes.<br \/>\nLe diplomate fran\u00e7ais a, de son c\u00f4t\u00e9, estim\u00e9 que la signature de la convention refl\u00e8te le soutien constant de Paris aux priorit\u00e9s du gouvernement mauritanien comme elle viserait \u00e9galement \u00e0 r\u00e9pondre favorablement aux projets structurants b\u00e9n\u00e9fiques pour le pays et sa population.<br \/>\nSelon nos confr\u00e8res de l\u2019AMI : \u00ab ce projet s\u2019aligne \u00e9galement avec la strat\u00e9gie du gouvernement visant \u00e0 universaliser l\u2019acc\u00e8s aux services de base, notamment l\u2019eau potable, et s\u2019int\u00e8gre dans la dynamique des initiatives destin\u00e9es \u00e0 moderniser les infrastructures hydrauliques du pays \u00bb.  <\/p>\n","protected":false},"excerpt":{"rendered":"<p>Le ministre mauritanien de l\u2019\u00c9conomie et des Finances, Sid\u2019Ahmed Ould Bouh, et l&#8217;ambassadeur de France en Mauritanie, SEM. Alexandre Garcia, ont sign\u00e9, mardi \u00e0 Nouakchott, une convention, sous forme de pr\u00eat concessionnel, visant de 43 millions d\u2019euros (1.85 milliard d\u2019ouguiya) pour financer l\u2019extension de la production et du transport du r\u00e9seau d\u2019eau d\u2019Aftout Essahli. La &hellip;<\/p>\n","protected":false},"author":2,"featured_media":15530,"comment_status":"open","ping_status":"open","sticky":false,"template":"","format":"standard","meta":{"footnotes":""},"categories":[18,2],"tags":[],"class_list":["post-15529","post","type-post","status-publish","format-standard","has-post-thumbnail","hentry","category-actualites","category-economie"],"_links":{"self":[{"href":"https:\/\/ladepeche.mr\/index.php?rest_route=\/wp\/v2\/posts\/15529","targetHints":{"allow":["GET"]}}],"collection":[{"href":"https:\/\/ladepeche.mr\/index.php?rest_route=\/wp\/v2\/posts"}],"about":[{"href":"https:\/\/ladepeche.mr\/index.php?rest_route=\/wp\/v2\/types\/post"}],"author":[{"embeddable":true,"href":"https:\/\/ladepeche.mr\/index.php?rest_route=\/wp\/v2\/users\/2"}],"replies":[{"embeddable":true,"href":"https:\/\/ladepeche.mr\/index.php?rest_route=%2Fwp%2Fv2%2Fcomments&post=15529"}],"version-history":[{"count":2,"href":"https:\/\/ladepeche.mr\/index.php?rest_route=\/wp\/v2\/posts\/15529\/revisions"}],"predecessor-version":[{"id":15532,"href":"https:\/\/ladepeche.mr\/index.php?rest_route=\/wp\/v2\/posts\/15529\/revisions\/15532"}],"wp:featuredmedia":[{"embeddable":true,"href":"https:\/\/ladepeche.mr\/index.php?rest_route=\/wp\/v2\/media\/15530"}],"wp:attachment":[{"href":"https:\/\/ladepeche.mr\/index.php?rest_route=%2Fwp%2Fv2%2Fmedia&parent=15529"}],"wp:term":[{"taxonomy":"category","embeddable":true,"href":"https:\/\/ladepeche.mr\/index.php?rest_route=%2Fwp%2Fv2%2Fcategories&post=15529"},{"taxonomy":"post_tag","embeddable":true,"href":"https:\/\/ladepeche.mr\/index.php?rest_route=%2Fwp%2Fv2%2Ftags&post=15529"}],"curies":[{"name":"wp","href":"https:\/\/api.w.org\/{rel}","templated":true}]}}