{"id":1553,"date":"2022-08-24T08:53:41","date_gmt":"2022-08-24T08:53:41","guid":{"rendered":"https:\/\/ladepeche.mr\/?p=1553"},"modified":"2022-08-24T08:55:50","modified_gmt":"2022-08-24T08:55:50","slug":"communique-de-presse-sur-les-inondations","status":"publish","type":"post","link":"https:\/\/ladepeche.mr\/?p=1553","title":{"rendered":"Communiqu\u00e9 de presse sur les inondations"},"content":{"rendered":"<p>Depuis plusieurs jours, Nouakchott et d\u2019autres localit\u00e9s \u00e0 l\u2019int\u00e9rieur du pays vivent une situation catastrophique, notamment la ville de Ka\u00e9di, capitale de la Wilaya de Gorgol.<\/p>\n<p>Des villes et villages entiers sont sinistr\u00e9s \u00e0 cause des pluies diluviennes survenues derni\u00e8rement, mettant des centaines de familles dans la rue, sous le regard inerte et impuissant des autorit\u00e9s comp\u00e9tentes.<\/p>\n<p>Paradoxalement le gouvernement avait annonc\u00e9 un pr\u00e9tendu plan de sauvetage en cas de catastrophes, mais on le voit inerte face aux villes, villages et familles sinistr\u00e9es \u00e0 Ka\u00e9di, Nbeika, Wadane et Moyte.<\/p>\n<p>\u00c9c\u0153ur\u00e9 par cette situation, le Rassemblement National pour la R\u00e9forme et le D\u00e9veloppement (Tawassoul) pr\u00e9sente ses sinc\u00e8res condol\u00e9ances aux familles des victimes d\u2019inondation. En plus :<\/p>\n<p>1. Il condamne \u00e9nergiquement l\u2019indiff\u00e9rence des autorit\u00e9s publiques face \u00e0 ces catastrophes. Cette indiff\u00e9rence se manifeste par des actions folkloriques et ponctuelles, sans r\u00e9ellement s\u2019attaquer aux vrais probl\u00e8mes des sinistr\u00e9s ;<\/p>\n<p>2. R\u00e9it\u00e8re la n\u00e9cessit\u00e9 de l\u2019\u00e9laboration et mise en \u0153uvre d\u2019un plan national pour faire face aux cons\u00e9quences du changement climatique.<\/p>\n<p>3. Invite l\u2019ensemble des citoyens \u00e0 faire un front de solidarit\u00e9 et de fraternit\u00e9 nationale afin d\u2019all\u00e9ger les souffrances de concitoyens en situation difficile.<\/p>\n<p>4. Appelle ses militants et sympathisants \u00e0 s\u2019engager pleinement dans les activit\u00e9s effectu\u00e9es dans les zones inond\u00e9es ciblant le soutien des sinistr\u00e9s, comme ils l\u2019ont toujours fait en situation similaire.<\/p>\n<p>Secr\u00e9tariat national \u00e0 la communication<\/p>\n<p>Mardi le <a href=\"tel:23\/08\/20022\">23\/08\/20022<\/a><\/p>\n","protected":false},"excerpt":{"rendered":"<p>Depuis plusieurs jours, Nouakchott et d\u2019autres localit\u00e9s \u00e0 l\u2019int\u00e9rieur du pays vivent une situation catastrophique, notamment la ville de Ka\u00e9di, capitale de la Wilaya de Gorgol. Des villes et villages entiers sont sinistr\u00e9s \u00e0 cause des pluies diluviennes survenues derni\u00e8rement, mettant des centaines de familles dans la rue, sous le regard inerte et impuissant des &hellip;<\/p>\n","protected":false},"author":2,"featured_media":1555,"comment_status":"open","ping_status":"open","sticky":false,"template":"","format":"standard","meta":{"footnotes":""},"categories":[18,19],"tags":[],"class_list":["post-1553","post","type-post","status-publish","format-standard","has-post-thumbnail","hentry","category-actualites","category-tribune"],"_links":{"self":[{"href":"https:\/\/ladepeche.mr\/index.php?rest_route=\/wp\/v2\/posts\/1553","targetHints":{"allow":["GET"]}}],"collection":[{"href":"https:\/\/ladepeche.mr\/index.php?rest_route=\/wp\/v2\/posts"}],"about":[{"href":"https:\/\/ladepeche.mr\/index.php?rest_route=\/wp\/v2\/types\/post"}],"author":[{"embeddable":true,"href":"https:\/\/ladepeche.mr\/index.php?rest_route=\/wp\/v2\/users\/2"}],"replies":[{"embeddable":true,"href":"https:\/\/ladepeche.mr\/index.php?rest_route=%2Fwp%2Fv2%2Fcomments&post=1553"}],"version-history":[{"count":1,"href":"https:\/\/ladepeche.mr\/index.php?rest_route=\/wp\/v2\/posts\/1553\/revisions"}],"predecessor-version":[{"id":1554,"href":"https:\/\/ladepeche.mr\/index.php?rest_route=\/wp\/v2\/posts\/1553\/revisions\/1554"}],"wp:featuredmedia":[{"embeddable":true,"href":"https:\/\/ladepeche.mr\/index.php?rest_route=\/wp\/v2\/media\/1555"}],"wp:attachment":[{"href":"https:\/\/ladepeche.mr\/index.php?rest_route=%2Fwp%2Fv2%2Fmedia&parent=1553"}],"wp:term":[{"taxonomy":"category","embeddable":true,"href":"https:\/\/ladepeche.mr\/index.php?rest_route=%2Fwp%2Fv2%2Fcategories&post=1553"},{"taxonomy":"post_tag","embeddable":true,"href":"https:\/\/ladepeche.mr\/index.php?rest_route=%2Fwp%2Fv2%2Ftags&post=1553"}],"curies":[{"name":"wp","href":"https:\/\/api.w.org\/{rel}","templated":true}]}}